{"id":344582,"date":"2025-08-26T06:50:12","date_gmt":"2025-08-26T06:50:12","guid":{"rendered":"https:\/\/www.europesays.com\/fr\/344582\/"},"modified":"2025-08-26T06:50:12","modified_gmt":"2025-08-26T06:50:12","slug":"toulon-un-non-voyant-refoule-du-restaurant","status":"publish","type":"post","link":"https:\/\/www.europesays.com\/fr\/344582\/","title":{"rendered":"Toulon, un non-voyant refoul\u00e9 du restaurant"},"content":{"rendered":"<p><img loading=\"lazy\" decoding=\"async\" src=\"https:\/\/www.europesays.com\/fr\/wp-content\/uploads\/2025\/08\/Le-journal-de-8h-du-mardi-26-aout-2025-Toulon-un-non-voyant-refoule-du-restaurant-2127091.webp.webp\" width=\"1200\" height=\"675\" alt=\"placeholder video\"\/><\/p>\n<p>Bonjour Var pr\u00e9sent\u00e9e par St\u00e9phane Maggiolini, c\u2019est le rendez-vous info en direct pour d\u00e9marrer la journ\u00e9e avec un tour de l\u2019actualit\u00e9 locale, la m\u00e9t\u00e9o, les conditions de circulation et un journal d\u00e9di\u00e9 \u00e0 la m\u00e9tropole. Au sommaire : Toulon, un non-voyant refoul\u00e9 du restaurant. Chikungunya, 33 cas d\u00e9sormais \u00e0 Vitrolles. Marseille, des m\u00e8res renouent avec la mer.<\/p>\n<p>Aujourd&rsquo;hui \u00e0 08h19 | Dur\u00e9e : 10:24<\/p>\n","protected":false},"excerpt":{"rendered":"Bonjour Var pr\u00e9sent\u00e9e par St\u00e9phane Maggiolini, c\u2019est le rendez-vous info en direct pour d\u00e9marrer la journ\u00e9e avec un&hellip;\n","protected":false},"author":2,"featured_media":344583,"comment_status":"","ping_status":"","sticky":false,"template":"","format":"standard","meta":{"footnotes":""},"categories":[9619],"tags":[1111,11,1777,674,1011,27,12,882,25,2310],"class_list":{"0":"post-344582","1":"post","2":"type-post","3":"status-publish","4":"format-standard","5":"has-post-thumbnail","7":"category-toulon","8":"tag-actu","9":"tag-actualites","10":"tag-eu","11":"tag-europe","12":"tag-fr","13":"tag-france","14":"tag-news","15":"tag-provence-alpes-cote-dazur","16":"tag-republique-francaise","17":"tag-toulon"},"share_on_mastodon":{"url":"https:\/\/pubeurope.com\/@fr\/115093741867406846","error":""},"_links":{"self":[{"href":"https:\/\/www.europesays.com\/fr\/wp-json\/wp\/v2\/posts\/344582","targetHints":{"allow":["GET"]}}],"collection":[{"href":"https:\/\/www.europesays.com\/fr\/wp-json\/wp\/v2\/posts"}],"about":[{"href":"https:\/\/www.europesays.com\/fr\/wp-json\/wp\/v2\/types\/post"}],"author":[{"embeddable":true,"href":"https:\/\/www.europesays.com\/fr\/wp-json\/wp\/v2\/users\/2"}],"replies":[{"embeddable":true,"href":"https:\/\/www.europesays.com\/fr\/wp-json\/wp\/v2\/comments?post=344582"}],"version-history":[{"count":0,"href":"https:\/\/www.europesays.com\/fr\/wp-json\/wp\/v2\/posts\/344582\/revisions"}],"wp:featuredmedia":[{"embeddable":true,"href":"https:\/\/www.europesays.com\/fr\/wp-json\/wp\/v2\/media\/344583"}],"wp:attachment":[{"href":"https:\/\/www.europesays.com\/fr\/wp-json\/wp\/v2\/media?parent=344582"}],"wp:term":[{"taxonomy":"category","embeddable":true,"href":"https:\/\/www.europesays.com\/fr\/wp-json\/wp\/v2\/categories?post=344582"},{"taxonomy":"post_tag","embeddable":true,"href":"https:\/\/www.europesays.com\/fr\/wp-json\/wp\/v2\/tags?post=344582"}],"curies":[{"name":"wp","href":"https:\/\/api.w.org\/{rel}","templated":true}]}}