{"id":344586,"date":"2025-08-26T06:52:19","date_gmt":"2025-08-26T06:52:19","guid":{"rendered":"https:\/\/www.europesays.com\/fr\/344586\/"},"modified":"2025-08-26T06:52:19","modified_gmt":"2025-08-26T06:52:19","slug":"plus-artistique-que-marseille-plus-decontractee-que-montpellier-cette-ville-mediterraneenne-se-demarque","status":"publish","type":"post","link":"https:\/\/www.europesays.com\/fr\/344586\/","title":{"rendered":"Plus artistique que Marseille, plus d\u00e9contract\u00e9e que Montpellier : cette ville m\u00e9diterran\u00e9enne se d\u00e9marque"},"content":{"rendered":"<p>Lorsque je d\u00e9ambule dans les rues pav\u00e9es de <strong>Perpignan<\/strong>, je ressens imm\u00e9diatement cette atmosph\u00e8re unique qui distingue la capitale catalane des autres m\u00e9tropoles m\u00e9diterran\u00e9ennes. Nich\u00e9e entre les Pyr\u00e9n\u00e9es et la mer, cette perle des *Pyr\u00e9n\u00e9es-Orientales* d\u00e9voile un caract\u00e8re authentique que j\u2019ai rarement rencontr\u00e9 ailleurs sur le littoral fran\u00e7ais.<\/p>\n<p>Un patrimoine artistique exceptionnel au c\u0153ur de la Catalogne fran\u00e7aise<\/p>\n<p>Le <strong>Palais des Rois de Majorque<\/strong> tr\u00f4ne majestueusement au-dessus de la ville, ses murailles ocre refl\u00e9tant la lumi\u00e8re dor\u00e9e du soleil m\u00e9diterran\u00e9en. Lors de ma derni\u00e8re visite, j\u2019ai \u00e9t\u00e9 \u00e9blouie par la richesse architecturale de cette forteresse du XIIIe si\u00e8cle, v\u00e9ritable t\u00e9moin de l\u2019\u00e9poque o\u00f9 Perpignan rayonnait comme capitale du royaume de Majorque.<\/p>\n<p>L\u2019art contemporain trouve \u00e9galement sa place dans cette cit\u00e9 mill\u00e9naire. Le <strong>Centre d\u2019Art Contemporain Walter Benjamin<\/strong> propose des expositions d\u2019avant-garde qui dialoguent harmonieusement avec le patrimoine historique. J\u2019ai particuli\u00e8rement appr\u00e9ci\u00e9 la fa\u00e7on dont les \u0153uvres modernes s\u2019int\u00e8grent dans les anciens b\u00e2timents, cr\u00e9ant un contraste saisissant entre tradition et innovation.<\/p>\n<p>Les fa\u00e7ades color\u00e9es du *quartier Saint-Jacques* racontent l\u2019histoire des influences catalanes, espagnoles et fran\u00e7aises. Chaque rue r\u00e9v\u00e8le des d\u00e9tails architecturaux fascinants : balcons en fer forg\u00e9, portails sculpt\u00e9s, fresques murales qui transforment une simple promenade en v\u00e9ritable voyage artistique.<\/p>\n<p>L\u2019art de vivre m\u00e9diterran\u00e9en \u00e0 la perpignanaise<\/p>\n<p>Ce qui me frappe imm\u00e9diatement \u00e0 Perpignan, c\u2019est cette *douceur de vivre* si particuli\u00e8re. Les terrasses de caf\u00e9 s\u2019animent d\u00e8s les premiers rayons du soleil, et j\u2019observe les habitants savourant leur caf\u00e9 en discutant dans un m\u00e9lange de fran\u00e7ais et de catalan. Cette ambiance d\u00e9contract\u00e9e n\u2019a rien \u00e0 envier aux grandes destinations touristiques.<\/p>\n<p>Les march\u00e9s locaux constituent de v\u00e9ritables spectacles sensoriels. Le <strong>march\u00e9 R\u00e9publique<\/strong> embaume les senteurs de fruits m\u00e9diterran\u00e9ens, d\u2019olives de Nyons et de fromages de brebis pyr\u00e9n\u00e9ens. Les mara\u00eechers proposent leurs produits avec cette convivialit\u00e9 typiquement catalane qui rend chaque achat agr\u00e9able.<\/p>\n<tr>Activit\u00e9HorairesTarif moyen<\/tr>\n<tr>\n<td>Palais des Rois de Majorque<\/td>\n<td>9h-18h<\/td>\n<td>4\u20ac<\/td>\n<\/tr>\n<tr>\n<td>Centre d\u2019Art Walter Benjamin<\/td>\n<td>14h-18h<\/td>\n<td>Gratuit<\/td>\n<\/tr>\n<tr>\n<td>Visite guid\u00e9e centre historique<\/td>\n<td>10h et 15h<\/td>\n<td>8\u20ac<\/td>\n<\/tr>\n<p>Des exp\u00e9riences authentiques loin des sentiers battus<\/p>\n<p><img fetchpriority=\"high\" decoding=\"async\" width=\"1024\" height=\"683\" src=\"data:image\/svg+xml,%3Csvg%20xmlns=\" http:=\"\" alt=\"Une fontaine d'eau au milieu d'une place.\" class=\"wp-image-29032\" data-lazy- data-lazy- data-lazy-src=\"https:\/\/www.europesays.com\/fr\/wp-content\/uploads\/2025\/08\/place-perpignan-1024x683.jpg\"\/>Une fontaine d\u2019eau au milieu d\u2019une place.<\/p>\n<p>Perpignan offre des exp\u00e9riences uniques que j\u2019ai rarement trouv\u00e9es ailleurs. La <strong>Casa Pairal<\/strong> propose des ateliers de cuisine catalane o\u00f9 j\u2019ai appris \u00e0 pr\u00e9parer la *coca de recapte*, cette d\u00e9licieuse p\u00e2tisserie sal\u00e9e embl\u00e9matique de la r\u00e9gion.<\/p>\n<p>Voici mes activit\u00e9s incontournables pour d\u00e9couvrir l\u2019\u00e2me perpignanaise :<\/p>\n<ul class=\"wp-block-list\">\n<li>Fl\u00e2nerie dans les jardins de la Miranda avec vue panoramique<\/li>\n<li>D\u00e9gustation de vins de Collioure dans les caves historiques<\/li>\n<li>Spectacle de sardane sur la place de la R\u00e9publique<\/li>\n<li>Balade nocturne dans le quartier Saint-Mathieu illumin\u00e9<\/li>\n<li>Visite des ateliers d\u2019artisans d\u2019art rue de la Fusterie<\/li>\n<\/ul>\n<p>Cette ville m\u00e9diterran\u00e9enne r\u00e9v\u00e8le \u00e9galement des tr\u00e9sors cach\u00e9s, comme <a href=\"https:\/\/www.carredinfo.fr\/voyage\/ville-phare-developpement-durable-normandie\/\" target=\"_blank\" rel=\"noopener\">cette ville de Normandie est un diamant bien trop sous estim\u00e9<\/a>, prouvant que la France regorge de destinations m\u00e9connues qui m\u00e9ritent le d\u00e9tour.<\/p>\n<p>Perpignan r\u00e9ussit ce pari difficile : allier richesse culturelle et authenticit\u00e9, sans jamais tomber dans l\u2019\u00e9cueil du tourisme de masse. Cette *destination confidentielle* s\u00e9duit par sa capacit\u00e9 \u00e0 surprendre, offrant aux visiteurs curieux une exp\u00e9rience m\u00e9diterran\u00e9enne incomparable, teint\u00e9e de cette douceur catalane si particuli\u00e8re.<\/p>\n<p><img loading=\"lazy\" decoding=\"async\" src=\"data:image\/svg+xml,%3Csvg%20xmlns=\" http:=\"\" width=\"100\" height=\"100\" alt=\"Anne-Sophie\" itemprop=\"image\" data-lazy-src=\"https:\/\/www.europesays.com\/fr\/wp-content\/uploads\/2025\/06\/Anne-Sophie.jpg\"\/><\/p>\n<p>Je m\u2019appelle Anne-Sophie et je suis la madame voyage en France de carr\u00e9 d\u2019info !<br \/>Exploratrice boh\u00e8me passionn\u00e9e de d\u00e9couvertes. Ma\u00eetrise l\u2019art de d\u00e9nicher les tr\u00e9sors cach\u00e9s des villes et des villages de France .<br \/>Je sait capturer l\u2019essence des lieux en photographies et j\u2019adore vous emmener avec moi pour profiter de notre magnifique pays \ud83d\ude42<\/p>\n","protected":false},"excerpt":{"rendered":"Lorsque je d\u00e9ambule dans les rues pav\u00e9es de Perpignan, je ressens imm\u00e9diatement cette atmosph\u00e8re unique qui distingue la&hellip;\n","protected":false},"author":2,"featured_media":344587,"comment_status":"","ping_status":"","sticky":false,"template":"","format":"standard","meta":{"footnotes":""},"categories":[9599],"tags":[1111,11,43350,48076,48077,1777,674,1011,27,2208,12,2680,47647,3464,11548,25],"class_list":{"0":"post-344586","1":"post","2":"type-post","3":"status-publish","4":"format-standard","5":"has-post-thumbnail","7":"category-montpellier","8":"tag-actu","9":"tag-actualites","10":"tag-ambiance-artistique","11":"tag-ambiance-cotiere","12":"tag-atmosphere-unique","13":"tag-eu","14":"tag-europe","15":"tag-fr","16":"tag-france","17":"tag-montpellier","18":"tag-news","19":"tag-occitanie","20":"tag-patrimoine-artistique","21":"tag-perpignan","22":"tag-pyrenees-orientales","23":"tag-republique-francaise"},"share_on_mastodon":{"url":"https:\/\/pubeurope.com\/@fr\/115093749524689961","error":""},"_links":{"self":[{"href":"https:\/\/www.europesays.com\/fr\/wp-json\/wp\/v2\/posts\/344586","targetHints":{"allow":["GET"]}}],"collection":[{"href":"https:\/\/www.europesays.com\/fr\/wp-json\/wp\/v2\/posts"}],"about":[{"href":"https:\/\/www.europesays.com\/fr\/wp-json\/wp\/v2\/types\/post"}],"author":[{"embeddable":true,"href":"https:\/\/www.europesays.com\/fr\/wp-json\/wp\/v2\/users\/2"}],"replies":[{"embeddable":true,"href":"https:\/\/www.europesays.com\/fr\/wp-json\/wp\/v2\/comments?post=344586"}],"version-history":[{"count":0,"href":"https:\/\/www.europesays.com\/fr\/wp-json\/wp\/v2\/posts\/344586\/revisions"}],"wp:featuredmedia":[{"embeddable":true,"href":"https:\/\/www.europesays.com\/fr\/wp-json\/wp\/v2\/media\/344587"}],"wp:attachment":[{"href":"https:\/\/www.europesays.com\/fr\/wp-json\/wp\/v2\/media?parent=344586"}],"wp:term":[{"taxonomy":"category","embeddable":true,"href":"https:\/\/www.europesays.com\/fr\/wp-json\/wp\/v2\/categories?post=344586"},{"taxonomy":"post_tag","embeddable":true,"href":"https:\/\/www.europesays.com\/fr\/wp-json\/wp\/v2\/tags?post=344586"}],"curies":[{"name":"wp","href":"https:\/\/api.w.org\/{rel}","templated":true}]}}