{"id":344588,"date":"2025-08-26T06:53:09","date_gmt":"2025-08-26T06:53:09","guid":{"rendered":"https:\/\/www.europesays.com\/fr\/344588\/"},"modified":"2025-08-26T06:53:09","modified_gmt":"2025-08-26T06:53:09","slug":"cetait-quoi-cette-etrange-trace-lumineuse-apercue-dans-le-ciel-de-seine-maritime","status":"publish","type":"post","link":"https:\/\/www.europesays.com\/fr\/344588\/","title":{"rendered":"C&rsquo;\u00e9tait quoi cette \u00e9trange trace lumineuse aper\u00e7ue dans le ciel de Seine-Maritime\u00a0?"},"content":{"rendered":"<p>            Par<br \/>\n        <strong><br \/>\n            <a href=\"https:\/\/actu.fr\/auteur\/eaube\" title=\"Consulter tous les articles de Elo\u00efse Aub\u00e9\" target=\"_blank\" rel=\"noopener\">Elo\u00efse Aub\u00e9<\/a><br \/>\n        <\/strong><\/p>\n<p>        Publi\u00e9 le<\/p>\n<p>            26 ao\u00fbt 2025 \u00e0 7h50        <\/p>\n<p>Une <strong>trace dans le ciel qui se d\u00e9place<\/strong>. \u00c9trange, non\u2009? Lundi 25 ao\u00fbt 2025, aux alentours de 22h30, des internautes ont aper\u00e7u une longue trace blanche qui se d\u00e9pla\u00e7ait dans le ciel de Seine-Maritime, plut\u00f4t visible gr\u00e2ce \u00e0 un ciel d\u00e9gag\u00e9.<\/p>\n<p class=\" wall-content\">Mais de quoi s\u2019agit-il\u2009?<\/p>\n<p>Des satellites en orbite<\/p>\n<p class=\" wall-content\">Au premier coup d\u2019\u0153il \u2013 et au regard de la forme de cette trace blanche, il s\u2019agirait\u00a0des satellites Starlink, propri\u00e9t\u00e9s du <strong>milliardaire Elon Musk<\/strong>. D\u2019apr\u00e8s <a href=\"https:\/\/findstarlink.com\/#2982652;3\" target=\"_blank\" rel=\"noopener\">le site officiel<\/a>, ce \u00ab\u2009petit train\u2009\u00bb, dont le quotidien est de fournir un acc\u00e8s \u00e0 internet, s\u2019est d\u00e9plac\u00e9 dans le ciel seino-marin vers 22\u00a0heures. S\u2019il est pr\u00e9cis\u00e9 que ces horaires ne sont pas 100\u2009% pr\u00e9cis, ils corroborent le passage des satellites.<\/p>\n<p class=\" wall-content\">Ce n\u2019est pas la premi\u00e8re fois que ce type de ph\u00e9nom\u00e8ne se produit dans le d\u00e9partement. En 2022, des <a href=\"https:\/\/actu.fr\/normandie\/rouen_76540\/c-etait-quoi-cet-ovni-dans-le-ciel-de-seine-maritime-hier-soir-voici-l-explication_50394698.html\" target=\"_blank\" rel=\"noopener\">satellites avaient \u00e9galement \u00e9t\u00e9 observ\u00e9s<\/a>.<\/p>\n<p class=\" wall-content\">Suivez l\u2019actualit\u00e9 de Rouen sur notre <a href=\"https:\/\/www.whatsapp.com\/channel\/0029VaKfnf99hXF2ddApFB1D\" target=\"_blank\" rel=\"noopener\">cha\u00eene WhatsApp<\/a> et sur notre <a href=\"https:\/\/www.tiktok.com\/@76actu.fr?lang=fr\" target=\"_blank\" rel=\"noopener\">compte TikTok<\/a><\/p>\n<p class=\" wall-content\">Personnalisez votre actualit\u00e9 en ajoutant vos villes et m\u00e9dias en favori avec <a href=\"https:\/\/moncompte.actu.fr\" title=\"D\u00e9couvez Mon Actu\" rel=\"nofollow noopener\" data-trk=\"{&quot;cta&quot;:{&quot;action&quot;:&quot;https:\\\/\\\/moncompte.actu.fr&quot;,&quot;category&quot;:&quot;mon compte&quot;,&quot;from&quot;:&quot;article footer&quot;,&quot;name&quot;:&quot;Mon actu&quot;,&quot;type&quot;:&quot;cta&quot;}}\" target=\"_blank\">Mon Actu<\/a>.<\/p>\n<p>                    <script async src=\"\/\/www.tiktok.com\/embed.js\"><\/script><\/p>\n","protected":false},"excerpt":{"rendered":"Par Elo\u00efse Aub\u00e9 Publi\u00e9 le 26 ao\u00fbt 2025 \u00e0 7h50 Une trace dans le ciel qui se d\u00e9place.&hellip;\n","protected":false},"author":2,"featured_media":344589,"comment_status":"","ping_status":"","sticky":false,"template":"","format":"standard","meta":{"footnotes":""},"categories":[9587],"tags":[1111,11,48,1777,674,1011,27,2357,12,5161,25,9590,2631],"class_list":{"0":"post-344588","1":"post","2":"type-post","3":"status-publish","4":"format-standard","5":"has-post-thumbnail","7":"category-rouen","8":"tag-actu","9":"tag-actualites","10":"tag-astronomie","11":"tag-eu","12":"tag-europe","13":"tag-fr","14":"tag-france","15":"tag-meteo-france","16":"tag-news","17":"tag-normandie","18":"tag-republique-francaise","19":"tag-rouen","20":"tag-sciences-technologie"},"share_on_mastodon":{"url":"https:\/\/pubeurope.com\/@fr\/115093753189258872","error":""},"_links":{"self":[{"href":"https:\/\/www.europesays.com\/fr\/wp-json\/wp\/v2\/posts\/344588","targetHints":{"allow":["GET"]}}],"collection":[{"href":"https:\/\/www.europesays.com\/fr\/wp-json\/wp\/v2\/posts"}],"about":[{"href":"https:\/\/www.europesays.com\/fr\/wp-json\/wp\/v2\/types\/post"}],"author":[{"embeddable":true,"href":"https:\/\/www.europesays.com\/fr\/wp-json\/wp\/v2\/users\/2"}],"replies":[{"embeddable":true,"href":"https:\/\/www.europesays.com\/fr\/wp-json\/wp\/v2\/comments?post=344588"}],"version-history":[{"count":0,"href":"https:\/\/www.europesays.com\/fr\/wp-json\/wp\/v2\/posts\/344588\/revisions"}],"wp:featuredmedia":[{"embeddable":true,"href":"https:\/\/www.europesays.com\/fr\/wp-json\/wp\/v2\/media\/344589"}],"wp:attachment":[{"href":"https:\/\/www.europesays.com\/fr\/wp-json\/wp\/v2\/media?parent=344588"}],"wp:term":[{"taxonomy":"category","embeddable":true,"href":"https:\/\/www.europesays.com\/fr\/wp-json\/wp\/v2\/categories?post=344588"},{"taxonomy":"post_tag","embeddable":true,"href":"https:\/\/www.europesays.com\/fr\/wp-json\/wp\/v2\/tags?post=344588"}],"curies":[{"name":"wp","href":"https:\/\/api.w.org\/{rel}","templated":true}]}}