{"id":344590,"date":"2025-08-26T06:56:35","date_gmt":"2025-08-26T06:56:35","guid":{"rendered":"https:\/\/www.europesays.com\/fr\/344590\/"},"modified":"2025-08-26T06:56:35","modified_gmt":"2025-08-26T06:56:35","slug":"la-meteo-va-radicalement-changer","status":"publish","type":"post","link":"https:\/\/www.europesays.com\/fr\/344590\/","title":{"rendered":"la m\u00e9t\u00e9o va radicalement changer"},"content":{"rendered":"<p>            Par<br \/>\n        <strong><br \/>\n            <a href=\"https:\/\/actu.fr\/auteur\/emma-ressegaire\" title=\"Consulter tous les articles de Emma Ressegaire\" target=\"_blank\" rel=\"noopener\">Emma Ressegaire<\/a><br \/>\n        <\/strong><\/p>\n<p>        Publi\u00e9 le<\/p>\n<p>            25 ao\u00fbt 2025 \u00e0 10h43        <\/p>\n<p>Pour cette derni\u00e8re semaine d\u2019ao\u00fbt, <strong>le temps sera changeant<\/strong> dans le d\u00e9partement de l\u2019Is\u00e8re. Celle-ci d\u00e9bute par un temps plut\u00f4t estival.<\/p>\n<p class=\" wall-content\">Pour ce lundi 25 ao\u00fbt, la journ\u00e9e sera ensoleill\u00e9e malgr\u00e9 le passage de quelques nuages. Il fait entre 12 et 17\u00b0C, ce matin et le mercure grimpera d\u00e8s cette apr\u00e8s-midi avec <strong>des temp\u00e9ratures entre 27 et 30 \u00b0C<\/strong>.<\/p>\n<p>Ciel is\u00e9rois mena\u00e7ant<\/p>\n<p class=\" wall-content\">Pour le mardi 26 ao\u00fbt, la matin\u00e9e sera bien ensoleill\u00e9e malgr\u00e9 quelques grisailles. Jusqu\u2019\u00e0 34 \u00b0C sont attendus \u00e0 <a href=\"https:\/\/actu.fr\/grenoble\/\" target=\"_blank\" rel=\"noopener\">Grenoble<\/a>. Mais d\u00e8s la fin de journ\u00e9e, le ciel is\u00e9rois deviendra mena\u00e7ant par endroits et conna\u00eetra <strong>une \u00e9volution orageuse<\/strong>. Quelques pluies orageuses sont attendues.<\/p>\n<p class=\" wall-content\">Et c\u2019est d\u00e8s la journ\u00e9e de mercredi que <strong>le temps deviendra tr\u00e8s instable<\/strong>. \u00ab\u00a0D\u00e8s la matin\u00e9e, le ciel sera partag\u00e9 entre quelques \u00e9claircies et des nuages mena\u00e7ants qui provoqueront d\u00e9j\u00e0 quelques averses orageuses\u00a0\u00bb, indique M\u00e9t\u00e9o Centre-Is\u00e8re.<\/p>\n<p class=\" wall-content\">L\u2019apr\u00e8s-midi, les orages et averses se multiplieront. Les pr\u00e9cipitations seront\u00a0importantes.<\/p>\n<p>    <a href=\"https:\/\/www.facebook.com\/plugins\/post.php?href=https%3A%2F%2Fwww.facebook.com%2Fmeteocentreisere%2Fposts%2Fpfbid02ybAUwaqUSqvXU1WbyiToZpqwAFVnsvPRJivrJoYdgvwD2xv5YHw9WR4Apg6kYGiAl&amp;show_text=true&amp;width=350\" title=\"Ouvrie le lien\" target=\"_blank\" rel=\"noopener\">Cliquez ici pour visualiser le contenu<\/a><\/p>\n<p>Une fin de semaine pluvieuse<\/p>\n<p class=\" wall-content\">La suite de la semaine sera \u00e0 cette image : instable. <strong>De nouvelles d\u00e9gradations<\/strong> toucheront le d\u00e9partement de l\u2019Is\u00e8re ce jeudi 28 et ce vendredi 29 ao\u00fbt, entra\u00eenant de nombreuses averses orageuses.<\/p>\n<p>Votre r\u00e9gion, votre actu !<\/p>\n<p>Recevez chaque jour les infos qui comptent pour vous.<\/p>\n<p>\t<a href=\"https:\/\/actu.fr\/newsletter\" class=\"ac-btn ac-btn--corner ac-btn--medium ac-btn--blue800\" target=\"_blank\" rel=\"noopener\">S&rsquo;incrire<\/a><\/p>\n<p class=\" wall-content\">De plus, <strong>les temp\u00e9ratures redescendront<\/strong> \u00e9galement et passeront sous la barre des 30 \u00b0C. Il est attendu 25\u00b0C maximum au plus chaud de la journ\u00e9e.<\/p>\n<p class=\" wall-content\">Personnalisez votre actualit\u00e9 en ajoutant vos villes et m\u00e9dias en favori avec <a href=\"https:\/\/moncompte.actu.fr\" title=\"D\u00e9couvez Mon Actu\" rel=\"nofollow noopener\" data-trk=\"{&quot;cta&quot;:{&quot;action&quot;:&quot;https:\\\/\\\/moncompte.actu.fr&quot;,&quot;category&quot;:&quot;mon compte&quot;,&quot;from&quot;:&quot;article footer&quot;,&quot;name&quot;:&quot;Mon actu&quot;,&quot;type&quot;:&quot;cta&quot;}}\" target=\"_blank\">Mon Actu<\/a>.<\/p>\n","protected":false},"excerpt":{"rendered":"Par Emma Ressegaire Publi\u00e9 le 25 ao\u00fbt 2025 \u00e0 10h43 Pour cette derni\u00e8re semaine d\u2019ao\u00fbt, le temps sera&hellip;\n","protected":false},"author":2,"featured_media":344591,"comment_status":"","ping_status":"","sticky":false,"template":"","format":"standard","meta":{"footnotes":""},"categories":[9566],"tags":[1111,11,2430,1777,674,1011,27,2731,2487,12,4594,4459,25],"class_list":{"0":"post-344590","1":"post","2":"type-post","3":"status-publish","4":"format-standard","5":"has-post-thumbnail","7":"category-grenoble","8":"tag-actu","9":"tag-actualites","10":"tag-auvergne-rhone-alpes","11":"tag-eu","12":"tag-europe","13":"tag-fr","14":"tag-france","15":"tag-grenoble","16":"tag-meteo","17":"tag-news","18":"tag-orages","19":"tag-pluie","20":"tag-republique-francaise"},"share_on_mastodon":{"url":"https:\/\/pubeurope.com\/@fr\/115093765007439637","error":""},"_links":{"self":[{"href":"https:\/\/www.europesays.com\/fr\/wp-json\/wp\/v2\/posts\/344590","targetHints":{"allow":["GET"]}}],"collection":[{"href":"https:\/\/www.europesays.com\/fr\/wp-json\/wp\/v2\/posts"}],"about":[{"href":"https:\/\/www.europesays.com\/fr\/wp-json\/wp\/v2\/types\/post"}],"author":[{"embeddable":true,"href":"https:\/\/www.europesays.com\/fr\/wp-json\/wp\/v2\/users\/2"}],"replies":[{"embeddable":true,"href":"https:\/\/www.europesays.com\/fr\/wp-json\/wp\/v2\/comments?post=344590"}],"version-history":[{"count":0,"href":"https:\/\/www.europesays.com\/fr\/wp-json\/wp\/v2\/posts\/344590\/revisions"}],"wp:featuredmedia":[{"embeddable":true,"href":"https:\/\/www.europesays.com\/fr\/wp-json\/wp\/v2\/media\/344591"}],"wp:attachment":[{"href":"https:\/\/www.europesays.com\/fr\/wp-json\/wp\/v2\/media?parent=344590"}],"wp:term":[{"taxonomy":"category","embeddable":true,"href":"https:\/\/www.europesays.com\/fr\/wp-json\/wp\/v2\/categories?post=344590"},{"taxonomy":"post_tag","embeddable":true,"href":"https:\/\/www.europesays.com\/fr\/wp-json\/wp\/v2\/tags?post=344590"}],"curies":[{"name":"wp","href":"https:\/\/api.w.org\/{rel}","templated":true}]}}