{"id":344592,"date":"2025-08-26T06:58:09","date_gmt":"2025-08-26T06:58:09","guid":{"rendered":"https:\/\/www.europesays.com\/fr\/344592\/"},"modified":"2025-08-26T06:58:09","modified_gmt":"2025-08-26T06:58:09","slug":"les-24-h-pour-lemploi-et-la-formation-auront-lieu-le-23-septembre-a-rennes-et-le-30-septembre-a-brest","status":"publish","type":"post","link":"https:\/\/www.europesays.com\/fr\/344592\/","title":{"rendered":"Les 24 h pour l\u2019Emploi et la Formation auront lieu le 23\u00a0septembre \u00e0 Rennes et le 30\u00a0septembre \u00e0 Brest"},"content":{"rendered":"<p melodystyle=\"texte\">Les 24 h pour l\u2019Emploi et la Formation auront lieu le mardi 23 septembre aux Jacobins, \u00e0 Rennes, et le mardi 30 septembre \u00e0 Brest Arena. De nombreuses entreprises et centres de formation seront pr\u00e9sents afin d\u2019accueillir les candidats. L\u2019\u00e9v\u00e9nement est gratuit et accessible \u00e0 tous. \u00c0 fin juillet, pr\u00e8s de 80 entreprises et organismes de formation, parmi lesquels CDC Habitat, Cap Finance, le CHU de Rennes et Eiffage, \u00e9taient confirm\u00e9s pour l\u2019\u00e9v\u00e9nement de Rennes, et 43 pour celui de Brest.<\/p>\n","protected":false},"excerpt":{"rendered":"Les 24 h pour l\u2019Emploi et la Formation auront lieu le mardi 23 septembre aux Jacobins, \u00e0 Rennes,&hellip;\n","protected":false},"author":2,"featured_media":344593,"comment_status":"","ping_status":"","sticky":false,"template":"","format":"standard","meta":{"footnotes":""},"categories":[2821],"tags":[1111,11,829,1777,674,1011,27,12,584,25],"class_list":{"0":"post-344592","1":"post","2":"type-post","3":"status-publish","4":"format-standard","5":"has-post-thumbnail","7":"category-rennes","8":"tag-actu","9":"tag-actualites","10":"tag-bretagne","11":"tag-eu","12":"tag-europe","13":"tag-fr","14":"tag-france","15":"tag-news","16":"tag-rennes","17":"tag-republique-francaise"},"share_on_mastodon":{"url":"https:\/\/pubeurope.com\/@fr\/115093772966195815","error":""},"_links":{"self":[{"href":"https:\/\/www.europesays.com\/fr\/wp-json\/wp\/v2\/posts\/344592","targetHints":{"allow":["GET"]}}],"collection":[{"href":"https:\/\/www.europesays.com\/fr\/wp-json\/wp\/v2\/posts"}],"about":[{"href":"https:\/\/www.europesays.com\/fr\/wp-json\/wp\/v2\/types\/post"}],"author":[{"embeddable":true,"href":"https:\/\/www.europesays.com\/fr\/wp-json\/wp\/v2\/users\/2"}],"replies":[{"embeddable":true,"href":"https:\/\/www.europesays.com\/fr\/wp-json\/wp\/v2\/comments?post=344592"}],"version-history":[{"count":0,"href":"https:\/\/www.europesays.com\/fr\/wp-json\/wp\/v2\/posts\/344592\/revisions"}],"wp:featuredmedia":[{"embeddable":true,"href":"https:\/\/www.europesays.com\/fr\/wp-json\/wp\/v2\/media\/344593"}],"wp:attachment":[{"href":"https:\/\/www.europesays.com\/fr\/wp-json\/wp\/v2\/media?parent=344592"}],"wp:term":[{"taxonomy":"category","embeddable":true,"href":"https:\/\/www.europesays.com\/fr\/wp-json\/wp\/v2\/categories?post=344592"},{"taxonomy":"post_tag","embeddable":true,"href":"https:\/\/www.europesays.com\/fr\/wp-json\/wp\/v2\/tags?post=344592"}],"curies":[{"name":"wp","href":"https:\/\/api.w.org\/{rel}","templated":true}]}}