{"id":344594,"date":"2025-08-26T06:59:12","date_gmt":"2025-08-26T06:59:12","guid":{"rendered":"https:\/\/www.europesays.com\/fr\/344594\/"},"modified":"2025-08-26T06:59:12","modified_gmt":"2025-08-26T06:59:12","slug":"rennes-fonce-sur-stassin-une-ouverture-pour-sinayoko-ou-lepaul-a-lens","status":"publish","type":"post","link":"https:\/\/www.europesays.com\/fr\/344594\/","title":{"rendered":"Rennes fonce sur Stassin, une ouverture pour Sinayoko ou Lepaul \u00e0 Lens ?"},"content":{"rendered":"<p>Partagez sur vos r\u00e9seauxLa fin du mercato s\u2019annonce particuli\u00e8rement tendue pour le RC Lens. Alors que le dossier Lassine Sinayoko semblait s\u2019enliser, entre les h\u00e9sitations de l\u2019entourage du joueur, les exigences de l\u2019AJ Auxerre et l\u2019arriv\u00e9e de Rennes dans la course, un nouvel \u00e9l\u00e9ment pourrait relancer les Sang et Or.<\/p>\n<p style=\"text-align: justify;\">Selon le journaliste belge <strong>Sacha Tavolieri<\/strong>, sp\u00e9cialiste du mercato, le Stade Rennais aurait d\u00e9cid\u00e9 de changer de cible : le club breton d\u00e9laisserait les pistes <strong>Sinayoko<\/strong> et <strong>Lepaul<\/strong> pour foncer sur <strong>Lucas Stassin<\/strong>, l\u2019attaquant belge de Saint-\u00c9tienne.<br \/>Pour rappel, apr\u00e8s la victoire de l\u2019ASSE face \u00e0 Boulogne-sur-Mer, <strong>Stassin<\/strong> avait entretenu le flou sur son avenir : \u201cJe suis \u00e0 l\u2019ASSE pour l\u2019instant, je donne tout pour le club, j\u2019essaie de me donner \u00e0 fond pour les co\u00e9quipiers et on verra ensuite ce qu\u2019il se passe.\u201d<\/p>\n<p style=\"text-align: justify;\">Une d\u00e9claration \u00e9nigmatique qui avait aliment\u00e9 les rumeurs. Le nom de <strong>Stassin<\/strong> avait m\u00eame \u00e9t\u00e9 associ\u00e9 au RC Lens, certains internautes ayant rep\u00e9r\u00e9 des indices dans la communication du club laissant penser qu\u2019il pourrait \u00eatre le fameux num\u00e9ro \u201c9\u201d tant attendu \u00e0 la Gaillette.<br \/>Si Rennes venait effectivement \u00e0 boucler l\u2019arriv\u00e9e de l\u2019attaquant belge, la donne pourrait changer pour le RC Lens. Les Sang et Or redeviendraient alors favoris dans le dossier <strong>Sinayoko<\/strong>, pour lequel <strong>VV Consulting<\/strong>, l\u2019agence du joueur, tente de faire monter les ench\u00e8res depuis plusieurs jours.<\/p>\n<p style=\"text-align: justify;\">La derni\u00e8re ligne droite du mercato promet donc un v\u00e9ritable bras de fer entre clubs\u2026 et le RC Lens pourrait bien retrouver une carte \u00e0 jouer.<\/p>\n<p><strong>Nos derniers articles :<\/strong><\/p>\n","protected":false},"excerpt":{"rendered":"Partagez sur vos r\u00e9seauxLa fin du mercato s\u2019annonce particuli\u00e8rement tendue pour le RC Lens. Alors que le dossier&hellip;\n","protected":false},"author":2,"featured_media":344595,"comment_status":"","ping_status":"","sticky":false,"template":"","format":"standard","meta":{"footnotes":""},"categories":[2821],"tags":[1111,11,829,1777,674,1011,27,12,584,25],"class_list":{"0":"post-344594","1":"post","2":"type-post","3":"status-publish","4":"format-standard","5":"has-post-thumbnail","7":"category-rennes","8":"tag-actu","9":"tag-actualites","10":"tag-bretagne","11":"tag-eu","12":"tag-europe","13":"tag-fr","14":"tag-france","15":"tag-news","16":"tag-rennes","17":"tag-republique-francaise"},"share_on_mastodon":{"url":"https:\/\/pubeurope.com\/@fr\/115093777003326358","error":""},"_links":{"self":[{"href":"https:\/\/www.europesays.com\/fr\/wp-json\/wp\/v2\/posts\/344594","targetHints":{"allow":["GET"]}}],"collection":[{"href":"https:\/\/www.europesays.com\/fr\/wp-json\/wp\/v2\/posts"}],"about":[{"href":"https:\/\/www.europesays.com\/fr\/wp-json\/wp\/v2\/types\/post"}],"author":[{"embeddable":true,"href":"https:\/\/www.europesays.com\/fr\/wp-json\/wp\/v2\/users\/2"}],"replies":[{"embeddable":true,"href":"https:\/\/www.europesays.com\/fr\/wp-json\/wp\/v2\/comments?post=344594"}],"version-history":[{"count":0,"href":"https:\/\/www.europesays.com\/fr\/wp-json\/wp\/v2\/posts\/344594\/revisions"}],"wp:featuredmedia":[{"embeddable":true,"href":"https:\/\/www.europesays.com\/fr\/wp-json\/wp\/v2\/media\/344595"}],"wp:attachment":[{"href":"https:\/\/www.europesays.com\/fr\/wp-json\/wp\/v2\/media?parent=344594"}],"wp:term":[{"taxonomy":"category","embeddable":true,"href":"https:\/\/www.europesays.com\/fr\/wp-json\/wp\/v2\/categories?post=344594"},{"taxonomy":"post_tag","embeddable":true,"href":"https:\/\/www.europesays.com\/fr\/wp-json\/wp\/v2\/tags?post=344594"}],"curies":[{"name":"wp","href":"https:\/\/api.w.org\/{rel}","templated":true}]}}