{"id":344596,"date":"2025-08-26T07:00:15","date_gmt":"2025-08-26T07:00:15","guid":{"rendered":"https:\/\/www.europesays.com\/fr\/344596\/"},"modified":"2025-08-26T07:00:15","modified_gmt":"2025-08-26T07:00:15","slug":"la-maison-darret-toujours-aussi-pleine-a-craquer-de-detenus-desesperes","status":"publish","type":"post","link":"https:\/\/www.europesays.com\/fr\/344596\/","title":{"rendered":"La maison d\u2019arr\u00eat toujours aussi pleine \u00e0 craquer de d\u00e9tenus d\u00e9sesp\u00e9r\u00e9s"},"content":{"rendered":"<p class=\"wp-block-post-excerpt__excerpt\">Pr\u00e8s de deux mois apr\u00e8s la mort d\u2019un d\u00e9tenu dans l\u2019incendie de sa cellule, reportage \u00e0 la maison d\u2019arr\u00eat de Strasbourg. Un lieu de d\u00e9tention v\u00e9tuste o\u00f9 le taux d\u2019occupation \u00e9tait de 179\u00a0% pour les hommes en 2024. <\/p>\n<p><a href=\"https:\/\/www.rue89strasbourg.com\/category\/premium\" rel=\"tag noopener\" target=\"_blank\">\u00c9dition abonn\u00e9s<\/a>, <a href=\"https:\/\/www.rue89strasbourg.com\/category\/reportage\" rel=\"tag noopener\" target=\"_blank\">Reportage<\/a><\/p>\n<p>Maud de Carpentier<\/p>\n<p>Publi\u00e9 le 26 ao\u00fbt 2025\u00a0\u00a0\u00b7\u00a0\u00a0<\/p>\n<p>Imprim\u00e9 le 26 ao\u00fbt 2025 \u00e0 09h00\u00a0\u00a0\u00b7\u00a0\u00a0<\/p>\n<p>\t\t\t\t\t7\u00a0minutes\n<\/p>\n<p class=\"has-drop-cap\">Il est 8\u00a0heures du matin, ce jeudi 21 ao\u00fbt, lorsque la s\u00e9natrice \u00e9cologiste de Paris, Anne Souyris, se pr\u00e9sente au pied du mur d\u2019enceinte de la maison d\u2019arr\u00eat de Strasbourg, situ\u00e9e dans le quartier de l\u2019Elsau. C\u2019est une visite surprise. En cette fin de mois d\u2019ao\u00fbt un peu poisseuse, sous le ciel gris et blanc alsacien, la voici \u00e0 Strasbourg, avec un motif principal\u00a0: comprendre <a href=\"https:\/\/www.rue89strasbourg.com\/strasbourg-mort-detenu-aveugle-seul-cellule-colere-prison-349067\" target=\"_blank\" rel=\"noreferrer noopener\">le d\u00e9c\u00e8s d\u2019un d\u00e9tenu survenu le 29 juin<\/a> derri\u00e8re les \u00e9pais murs de cette prison.<\/p>\n<p>Ce dimanche-l\u00e0, en milieu d\u2019apr\u00e8s-midi, des fum\u00e9es et des flammes s\u2019\u00e9chappent d\u2019une cellule. Celle de Serge Meckes, 57\u00a0ans. Incarc\u00e9r\u00e9 \u00e0 Strasbourg depuis octobre 2024, le quinquag\u00e9naire \u2013\u00a0qui \u00e9tait aveugle\u00a0\u2013 avait \u00e9t\u00e9 condamn\u00e9 \u00e0 quatre mois de prison pour violence avec usage ou menace d\u2019une arme. Il \u00e9tait dans l\u2019attente d\u2019un jugement pour meurtre par personne en \u00e9tat d\u2019ivresse manifeste.<\/p>\n<p>Les gardiens vont mettre plusieurs minutes \u2013\u00a0l\u2019enqu\u00eate devra d\u00e9terminer combien exactement \u2013 avant d\u2019ouvrir la porte de la cellule en flammes, pour sortir le d\u00e9tenu et tenter \u2013\u00a0en vain \u2013\u00a0de le sauver.<\/p>\n<p>Lisez la suite pour 1\u20ac seulement<\/p>\n<ul class=\"wp-block-list\">\n<li class=\"align-start flex list-none mb-2 has-medium-font-size\">Acc\u00e9dez \u00e0 nos enqu\u00eates et r\u00e9v\u00e9lations exclusives<\/li>\n<li class=\"align-start flex list-none mb-2 has-medium-font-size\">Soutenez une r\u00e9daction locale qui appartient \u00e0 ses journalistes<\/li>\n<li class=\"align-start flex list-none mb-2 has-medium-font-size\">Maintenez une vigie citoyenne sur les pouvoirs locaux<\/li>\n<\/ul>\n<p class=\"has-text-align-right\"><strong><a href=\"https:\/\/www.rue89strasbourg.com\/abonnement\" data-type=\"page\" data-id=\"0\" target=\"_blank\" rel=\"noopener\">Je m\u2019abonne\u00a0 <\/a><\/strong><\/p>\n<p>\t\t\t<a href=\"https:\/\/www.rue89strasbourg.com\/\" class=\"custom-logo-link\" rel=\"home noopener\" target=\"_blank\"><img loading=\"lazy\" decoding=\"async\" width=\"290\" height=\"62\" src=\"https:\/\/www.europesays.com\/fr\/wp-content\/uploads\/2025\/04\/1743975279_388_logo.png\" class=\"custom-logo\" alt=\"Rue89 Strasbourg Enqu\u00eates et informations locales\"  \/><\/a><\/p>\n<p>\n\t\t\t\tAbonnez-vous maintenant pour suivre l\u2019actualit\u00e9 locale.\t\t\t<\/p>\n<p class=\"font-bold font-serif-heading mb-2 text-4xl\">\n\t\t\t\t\t\tL\u2019investigation locale \u00e0 port\u00e9e de main.\n\t\t\t\t\t<\/p>\n<p>\n\t\t\t\t\t\tAbonnez-vous et profitez d\u2019un acc\u00e8s illimit\u00e9 \u00e0 Rue89 Strasbourg. Annulez quand vous voulez.\n\t\t\t\t\t<\/p>\n<p class=\"xl:text-sm\">\n\t\t\t\t\tD\u00e9j\u00e0 abonn\u00e9\u00a0?<br \/>\n\t\t\t\t\t<a class=\"border border-transparent text-center transition-colors duration-instant focus:border-info focus:rounded focus:shadow-focus cursor-pointer text-black hover:text-gray-700 active:bg-black-700 font-semibold inline-block\" href=\"https:\/\/www.rue89strasbourg.com\/user\/connexion?redirect=\/prison-strasbourg-pleine-a-craquer-356884\" target=\"_blank\" rel=\"noopener\">Connectez-vous<\/a>\t\t\t\t<\/p>\n<p>\n\t\t\t\tChoisissez votre formule\u00a0:\n\t\t\t<\/p>\n<p>\t\t\t\tFermer<\/p>\n","protected":false},"excerpt":{"rendered":"Pr\u00e8s de deux mois apr\u00e8s la mort d\u2019un d\u00e9tenu dans l\u2019incendie de sa cellule, reportage \u00e0 la maison&hellip;\n","protected":false},"author":2,"featured_media":344597,"comment_status":"","ping_status":"","sticky":false,"template":"","format":"standard","meta":{"footnotes":""},"categories":[2820],"tags":[1111,11,32459,1777,674,1011,27,775,12,806,25,640],"class_list":{"0":"post-344596","1":"post","2":"type-post","3":"status-publish","4":"format-standard","5":"has-post-thumbnail","7":"category-strasbourg","8":"tag-actu","9":"tag-actualites","10":"tag-conditions-de-detention","11":"tag-eu","12":"tag-europe","13":"tag-fr","14":"tag-france","15":"tag-grand-est","16":"tag-news","17":"tag-prison","18":"tag-republique-francaise","19":"tag-strasbourg"},"share_on_mastodon":{"url":"https:\/\/pubeurope.com\/@fr\/115093781148515178","error":""},"_links":{"self":[{"href":"https:\/\/www.europesays.com\/fr\/wp-json\/wp\/v2\/posts\/344596","targetHints":{"allow":["GET"]}}],"collection":[{"href":"https:\/\/www.europesays.com\/fr\/wp-json\/wp\/v2\/posts"}],"about":[{"href":"https:\/\/www.europesays.com\/fr\/wp-json\/wp\/v2\/types\/post"}],"author":[{"embeddable":true,"href":"https:\/\/www.europesays.com\/fr\/wp-json\/wp\/v2\/users\/2"}],"replies":[{"embeddable":true,"href":"https:\/\/www.europesays.com\/fr\/wp-json\/wp\/v2\/comments?post=344596"}],"version-history":[{"count":0,"href":"https:\/\/www.europesays.com\/fr\/wp-json\/wp\/v2\/posts\/344596\/revisions"}],"wp:featuredmedia":[{"embeddable":true,"href":"https:\/\/www.europesays.com\/fr\/wp-json\/wp\/v2\/media\/344597"}],"wp:attachment":[{"href":"https:\/\/www.europesays.com\/fr\/wp-json\/wp\/v2\/media?parent=344596"}],"wp:term":[{"taxonomy":"category","embeddable":true,"href":"https:\/\/www.europesays.com\/fr\/wp-json\/wp\/v2\/categories?post=344596"},{"taxonomy":"post_tag","embeddable":true,"href":"https:\/\/www.europesays.com\/fr\/wp-json\/wp\/v2\/tags?post=344596"}],"curies":[{"name":"wp","href":"https:\/\/api.w.org\/{rel}","templated":true}]}}