{"id":344598,"date":"2025-08-26T07:01:20","date_gmt":"2025-08-26T07:01:20","guid":{"rendered":"https:\/\/www.europesays.com\/fr\/344598\/"},"modified":"2025-08-26T07:01:20","modified_gmt":"2025-08-26T07:01:20","slug":"strasbourg-fait-appel-pour-appliquer-la-mesure","status":"publish","type":"post","link":"https:\/\/www.europesays.com\/fr\/344598\/","title":{"rendered":"Strasbourg fait appel pour appliquer la mesure"},"content":{"rendered":"<p>La ville et la m\u00e9tropole de Strasbourg ont annonc\u00e9 lundi avoir fait appel de la d\u00e9cision du tribunal administratif les emp\u00eachant d&rsquo;instaurer un cong\u00e9 gyn\u00e9cologique pour leurs salari\u00e9es.<\/p>\n<p>\u00ab\u00a0Ce vendredi 22 ao\u00fbt, la Ville et l&rsquo;Eurom\u00e9tropole de Strasbourg ont conjointement fait appel du jugement prononc\u00e9 par le Tribunal administratif de Strasbourg sur le dispositif exp\u00e9rimental de cong\u00e9 de sant\u00e9 gyn\u00e9cologique instaur\u00e9 depuis septembre 2024 au profit des agentes de la collectivit\u00e9\u00a0\u00bb, ont indiqu\u00e9 les deux collectivit\u00e9s dans un communiqu\u00e9.<\/p>\n<p>Le tribunal administratif de Strasbourg, saisi par la pr\u00e9fecture du Bas-Rhin, a annul\u00e9 fin juin cette mesure, estimant qu&rsquo;elle ne pouvait pas \u00eatre institu\u00e9e par une collectivit\u00e9, faute de cadre l\u00e9gal.<\/p>\n<p>\u00ab\u00a0Le signal qui est envoy\u00e9 aux femmes, c&rsquo;est que leur corps n&rsquo;est pas pris en compte, que leur sant\u00e9 et que leur souffrance n&rsquo;est pas prise en compte\u00a0\u00bb, a d\u00e9clar\u00e9 lors d&rsquo;un point presse la maire (Les Ecologistes) de Strasbourg, Jeanne Barseghian. \u00ab\u00a0J&rsquo;ai l&rsquo;impression que la vague r\u00e9actionnaire qu&rsquo;on conna\u00eet met \u00e0 mal un certain nombre d&rsquo;avanc\u00e9es qui sont port\u00e9es par des collectivit\u00e9s comme Strasbourg, et donc nous faisons appel de cette d\u00e9cision.\u00a0\u00bb<\/p>\n<p>La mesure retoqu\u00e9e permettait aux agentes souffrant de douleurs menstruelles, d&rsquo;endom\u00e9triose ou de sympt\u00f4mes de la m\u00e9nopause de disposer de 13 jours annuels d&rsquo;absence exceptionnelle, sur pr\u00e9sentation d&rsquo;un certificat m\u00e9dical.<\/p>\n<p>Plusieurs collectivit\u00e9s, majoritairement dirig\u00e9es par la gauche, exp\u00e9rimentent une forme de cong\u00e9 menstruel, ciblant les r\u00e8gles douloureuses, ou gyn\u00e9cologique, qui englobe des pathologies plus larges.<\/p>\n<p>Parmi elles, la r\u00e9gion Nouvelle-Aquitaine, la m\u00e9tropole de Lyon, la ville de Saint-Ouen (Seine-Saint-Denis) ou plusieurs communes de la m\u00e9tropole grenobloise.<\/p>\n<p>Ces mesures sont souvent attaqu\u00e9es en justice par les pr\u00e9fectures, qui en contestent la l\u00e9galit\u00e9.<\/p>\n<p>Des propositions de loi visant \u00e0 permettre aux collectivit\u00e9s de l&rsquo;instaurer ont \u00e9t\u00e9 rejet\u00e9es en 2024 au parlement.<\/p>\n<p>\u00ab\u00a0Nous, on est convaincus qu&rsquo;on va dans le sens de l&rsquo;histoire, et qu&rsquo;avec nos parlementaires, nous allons pouvoir faire bouger la loi et on esp\u00e8re aussi que le recours participera de cette \u00e9volution\u00a0\u00bb, a d\u00e9clar\u00e9 Jeanne Barseghian.<\/p>\n<p>\u00ab\u00a0C&rsquo;est pas beaucoup demander de juste pouvoir travailler sans \u00eatre perclus de produits pour arr\u00eater de souffrir et sans \u00eatre perclus de douleurs. Pour n&rsquo;importe quelle autre personne on trouverait \u00e7a normal. C&rsquo;est normal pour tous, sauf pour les femmes\u00a0\u00bb, a ajout\u00e9 la d\u00e9put\u00e9e (Les Ecologistes) du Bas-Rhin Sandra Regol.<\/p>\n<p>av\/bdx\/sp<\/p>\n","protected":false},"excerpt":{"rendered":"La ville et la m\u00e9tropole de Strasbourg ont annonc\u00e9 lundi avoir fait appel de la d\u00e9cision du tribunal&hellip;\n","protected":false},"author":2,"featured_media":344599,"comment_status":"","ping_status":"","sticky":false,"template":"","format":"standard","meta":{"footnotes":""},"categories":[2820],"tags":[1111,11,48079,1777,674,1011,27,775,7125,1913,12,6338,25,640,48078],"class_list":{"0":"post-344598","1":"post","2":"type-post","3":"status-publish","4":"format-standard","5":"has-post-thumbnail","7":"category-strasbourg","8":"tag-actu","9":"tag-actualites","10":"tag-appel-du-jugement","11":"tag-eu","12":"tag-europe","13":"tag-fr","14":"tag-france","15":"tag-grand-est","16":"tag-jeanne-barseghian","17":"tag-la-ville","18":"tag-news","19":"tag-prefecture-du-bas-rhin","20":"tag-republique-francaise","21":"tag-strasbourg","22":"tag-tribunal-administratif-de-strasbourg"},"share_on_mastodon":{"url":"https:\/\/pubeurope.com\/@fr\/115093784933867665","error":""},"_links":{"self":[{"href":"https:\/\/www.europesays.com\/fr\/wp-json\/wp\/v2\/posts\/344598","targetHints":{"allow":["GET"]}}],"collection":[{"href":"https:\/\/www.europesays.com\/fr\/wp-json\/wp\/v2\/posts"}],"about":[{"href":"https:\/\/www.europesays.com\/fr\/wp-json\/wp\/v2\/types\/post"}],"author":[{"embeddable":true,"href":"https:\/\/www.europesays.com\/fr\/wp-json\/wp\/v2\/users\/2"}],"replies":[{"embeddable":true,"href":"https:\/\/www.europesays.com\/fr\/wp-json\/wp\/v2\/comments?post=344598"}],"version-history":[{"count":0,"href":"https:\/\/www.europesays.com\/fr\/wp-json\/wp\/v2\/posts\/344598\/revisions"}],"wp:featuredmedia":[{"embeddable":true,"href":"https:\/\/www.europesays.com\/fr\/wp-json\/wp\/v2\/media\/344599"}],"wp:attachment":[{"href":"https:\/\/www.europesays.com\/fr\/wp-json\/wp\/v2\/media?parent=344598"}],"wp:term":[{"taxonomy":"category","embeddable":true,"href":"https:\/\/www.europesays.com\/fr\/wp-json\/wp\/v2\/categories?post=344598"},{"taxonomy":"post_tag","embeddable":true,"href":"https:\/\/www.europesays.com\/fr\/wp-json\/wp\/v2\/tags?post=344598"}],"curies":[{"name":"wp","href":"https:\/\/api.w.org\/{rel}","templated":true}]}}