{"id":344600,"date":"2025-08-26T07:02:18","date_gmt":"2025-08-26T07:02:18","guid":{"rendered":"https:\/\/www.europesays.com\/fr\/344600\/"},"modified":"2025-08-26T07:02:18","modified_gmt":"2025-08-26T07:02:18","slug":"louverture-a-litalienne-deasyjet-a-nice-cote-dazur","status":"publish","type":"post","link":"https:\/\/www.europesays.com\/fr\/344600\/","title":{"rendered":"L\u2019ouverture \u00e0 l\u2019Italienne d\u2019easyJet \u00e0 Nice C\u00f4te d\u2019Azur"},"content":{"rendered":"<p>\t\t\t\t\t\t\t\t\t\tL\u2019ouverture \u00e0 l\u2019Italienne d\u2019easyJet \u00e0 Nice C\u00f4te d\u2019Azur<\/p>\n<p><\/p>\n<p>\t\t\t\t\t\t\t\t\t\t\t\t<a href=\"https:\/\/www.europesays.com\/fr\/wp-content\/uploads\/2025\/08\/reginald-otten-easyjet-France.jpg\" class=\"lightbox-photo\" title=\"\"><img decoding=\"async\" src=\"https:\/\/www.europesays.com\/fr\/wp-content\/uploads\/2025\/08\/reginald-otten-easyjet-France.jpg\" alt=\"\" width=\"865\" style=\"width:865px;box-shadow: 0px 0px 10px 1px rgba(0,0,0,1);\"\/><\/a><\/p>\n<p>\t\t\t\t\t\t\t\t\t\t&#13;<br \/>\n\t\t\t\t\t\t\t\t\t\t&#13;<br \/>\n\t\t\t\t\t\t\t\t\t\t\t26 ao\u00fbt 2025\u00a0\u00a0&#13;<br \/>\n\t\t\t\t\t\t\t\t\t\t\t&#13;<br \/>\n\t\t\t\t\t\t\t\t\t\t\t<a href=\"https:\/\/www.laquotidienne.fr\/author\/michel-bovas\/\" title=\"Articles par Michel Bovas\" rel=\"author noopener\" target=\"_blank\">Michel Bovas<\/a>\u00a0\u00a0&#13;<br \/>\n\t\t\t\t\t\t\t\t\t\t\t&#13;<br \/>\n\t\t\t\t\t\t\t\t\t\t\t&#13;<br \/>\n\t\t\t\t\t\t\t\t\t\t\t<a href=\"#comments\" class=\"scrollTo item-meta-i\"><\/a><a href=\"https:\/\/www.laquotidienne.fr\/louverture-a-litalienne-deasyjet-a-nice-cote-dazur\/#respond\" target=\"_blank\" rel=\"noopener\">Aucun commentaire<\/a>\u00a0\u00a0&#13;<br \/>\n\t\t\t\t\t\t\t\t\t\t\t&#13;<br \/>\n\t\t\t\t\t\t\t\t\t\t\t<a href=\"https:\/\/www.laquotidienne.fr\/rubrique\/transport\/\" rel=\"category tag noopener\" target=\"_blank\">Transport<\/a>\u00a0\u00a0&#13;<br \/>\n\t\t\t\t\t\t\t\t\t\t\t&#13;<br \/>\n\t\t\t\t\t\t\t\t\t\t\t\u00a0<a href=\"https:\/\/www.laquotidienne.fr\/tag\/aeroport-nice-cote-dazur\/\" rel=\"tag noopener\" target=\"_blank\">A\u00e9roport Nice-c\u00f4te d&rsquo;azur<\/a>, <a href=\"https:\/\/www.laquotidienne.fr\/tag\/easyjet\/\" rel=\"tag noopener\" target=\"_blank\">Easyjet<\/a>, <a href=\"https:\/\/www.laquotidienne.fr\/tag\/italie\/\" rel=\"tag noopener\" target=\"_blank\">Italie<\/a>, <a href=\"https:\/\/www.laquotidienne.fr\/tag\/reginald-otten\/\" rel=\"tag noopener\" target=\"_blank\">Reginald Otten<\/a>\u00a0\u00a0&#13;<br \/>\n\t\t\t\t\t\t\t\t\t\t\t&#13;<br \/>\n\t\t\t\t\t\t\t\t\t\t\t\t\t\t\t\t\t\t\t\t\t\t\t\u00a02131 vues&#13;<br \/>\n\t\t\t\t\t\t\t\t\t\t\t&#13;<br \/>\n\t\t\t\t\t\t\t\t\t\t\t&#13;<\/p>\n<p><strong>La compagnie britannique easyJet multiplie les ouvertures pour conforter sa place de leader sur la premi\u00e8re plate-forme a\u00e9rienne de province.<\/strong><\/p>\n<p><img decoding=\"async\" loading=\"lazy\" class=\"size-full wp-image-164097 alignleft\" src=\"https:\/\/www.europesays.com\/fr\/wp-content\/uploads\/2025\/08\/reginald-otten-easyjet-France-1.jpg\" alt=\"\" width=\"550\" height=\"1065\"  \/>Un petit air de \u00ab Dolce Vita \u00ab flott\u00e9 pour Reginald Otten, le Directeur g\u00e9n\u00e9ral adjoint d\u2019easyJet pour la France en d\u00e9placement \u00e0 l\u2019a\u00e9roport de Nice \u00e0 l\u2019invitation de la chambre de commerce franco-italienne.<\/p>\n<p>Il s\u2019agissait d\u2019\u00e9tablir un point d\u2019\u00e9tape sur l\u2019offre a\u00e9rienne vers l\u2019Italie de la compagnie sur cette plate-forme. easyJet exploite en effet 7 des 9 lignes propos\u00e9es par les compagnies vers la p\u00e9ninsule.<\/p>\n<p>Pour Easyjet la petite derni\u00e8re, mise en service le 24 juin dernier, est Lamezia en Calabre une r\u00e9gion \u00e0 fort potentiel touristique car authentique et avec des espaces naturels magnifiques.<\/p>\n<p>Deux vols par semaine sont propos\u00e9s au tarif de base de 35 euros.<\/p>\n<p>\u00ab Son taux de remplissage augmente r\u00e9guli\u00e8rement, confirme Reginald Otten. \u00bb Pr\u00e9cisant qu\u2019easyJet assure \u00e9galement au d\u00e9part de Nice des vols directs vers Bari, Rome, Olbia, Naples, Palerme et Venise en Italie C\u2019est autant de villes accessibles que vers l\u2019Espagne ou le Royaume unie par exemple au d\u00e9part de Nice.<\/p>\n<p>C\u2019est aussi une confirmation sur le statut de v\u00e9ritable a\u00e9roport transfrontalier pour Nice. Il dessert une aire tri nationale allant du centre du d\u00e9partement du Var en France Var \u00e0 Savone en Italie int\u00e9grant au passage Monaco.<\/p>\n<p>Soit trois millions d\u2019habitants et plus de 15 millions de visiteurs. Le capital de la soci\u00e9t\u00e9 a\u00e9roportuaire, g\u00e9rant \u00e0 la fois Nice C\u00f4te d\u2019Azur, Cannes Mandelieu et Saint Tropez La Mole, ces deux derniers vou\u00e9s \u00e0 l\u2019aviation priv\u00e9e, refl\u00e8te cette vocation.<\/p>\n<p>Parmi ses actionnaires figurent des soci\u00e9t\u00e9s italiennes, dont celle qui g\u00e8re l\u2019a\u00e9roport de Rome, et l\u2019Etat Mon\u00e9gasque.<\/p>\n<p><img decoding=\"async\" loading=\"lazy\" class=\"size-full wp-image-159447 alignleft\" src=\"https:\/\/www.europesays.com\/fr\/wp-content\/uploads\/2025\/08\/easyjet-1.jpg\" alt=\"\" width=\"640\" height=\"356\"  \/>Pr\u00e8s de 800.000 italiens en provenance des r\u00e9gions voisines de Ligurie et du Pi\u00e9mont utilisent l\u2019a\u00e9roport. Un chiffre en progression de 68 % depuis 2023.<\/p>\n<p>Depuis le d\u00e9but de l\u2019ann\u00e9e le trafic est en forte croissance, malgr\u00e9 les vicissitudes provoqu\u00e9es par un trafic a\u00e9rien en France en pleine restructuration.<\/p>\n<p>Cet \u00e9t\u00e9 l\u2019a\u00e9roport propose 122 destinations, dont 14 longs courriers, vers 45 pays et 61 compagnies.<\/p>\n<p>L\u2019a\u00e9roport devrait d\u00e9passer les 15 millions de passagers. En fin d\u2019ann\u00e9e Autant dire l\u2019extension du Terminal 2 encours de livraison porte la capacit\u00e9 de traitement \u00e0 18 millions de passagers. Chiffre qui devrait \u00eatre atteint \u00e0 l\u2019horizon 2030.<\/p>\n<p><img decoding=\"async\" loading=\"lazy\" class=\"size-full wp-image-164098 alignleft\" src=\"https:\/\/www.europesays.com\/fr\/wp-content\/uploads\/2025\/08\/reginald-otten-easyjet-France-2.jpg\" alt=\"\" width=\"550\" height=\"1074\"  \/>Easyjet f\u00eatera en 2026 ses 30 ans de pr\u00e9sence sur le tarmac ni\u00e7ois.<\/p>\n<p>\u00ab Au total sur cette p\u00e9riode on a transport\u00e9 \u00e0 Nice 65 millions de passagers soit l\u2019\u00e9quivalent de la population fran\u00e7aise, observe Reginald Otten.<\/p>\n<p>\u00ab En 2024 Easyjet est d\u00e9sormais le premier op\u00e9rateur sur la plateforme ni\u00e7oise avec 31,7 % du trafic ou 4,6 millions de passagers sur les 14 millions enregistr\u00e9s.<\/p>\n<p>Cette ann\u00e9e la compagnie assure 50 destinations et sa base exploite cinq A320 de 186 si\u00e8ges et 260 salari\u00e9s. <\/p>\n<p>\u00ab Cela nous permet d\u2019ouvrir de nouvelles lignes en fonction des opportunit\u00e9s ou de la demande, conclut Reginald Otten. \u00ab\u00a0<\/p>\n<p>Le 26 octobre prochain la compagnie ouvrira une ligne vers Hurghada en Egypte avec deux vols par semaine.<\/p>\n<p>Celle desservant Ath\u00e8nes sera p\u00e9rennis\u00e9e \u00e0 l\u2019ann\u00e9e.<\/p>\n<p>Tout cela s\u2019inscrit dans une strat\u00e9gie d\u2019\u00e9largissement du r\u00e9seau de la compagnie \u00e0 Nice comme l\u2019illustre cette ann\u00e9e les ouvertures vers D\u00fcsseldorf, Madrid, Lamezia Terme et Santorin et cela malgr\u00e9 une forte concurrence locale (pr\u00e8s de 61 compagnies) .<\/p>\n<p><strong>Michel Bovas<\/strong><\/p>\n<p>\t\t\t\t\t\t\t\t\t\t\t<br clear=\"all\"\/><\/p>\n<p>\t\t\t\t\t\t\t\t\t\t\t&#13;<br \/>\n\t\t\t\t\t\t\t\t\t\t\t\t\t\t\t\t\t\t\t\t\t\t<a href=\"https:\/\/www.facebook.com\/sharer.php?u=https:\/\/www.laquotidienne.fr\/louverture-a-litalienne-deasyjet-a-nice-cote-dazur\/&amp;t=L\u2019ouverture \u00e0 l\u2019Italienne d\u2019easyJet \u00e0 Nice C\u00f4te d\u2019Azur\" target=\"_blank\" class=\"item\" title=\"Partagez sur Facebook\" rel=\"noopener\"><img decoding=\"async\" src=\"https:\/\/www.europesays.com\/fr\/wp-content\/uploads\/2025\/04\/fb.jpg\" style=\"box-shadow:0px 0px 10px black;\"\/><\/a><br \/>&#13;<br \/>\n\t\t\t\t\t\t\t\t\t\t\t<a href=\"https:\/\/www.facebook.com\/sharer.php?u=https:\/\/www.laquotidienne.fr\/louverture-a-litalienne-deasyjet-a-nice-cote-dazur\/&amp;t=L\u2019ouverture \u00e0 l\u2019Italienne d\u2019easyJet \u00e0 Nice C\u00f4te d\u2019Azur\" target=\"_blank\" class=\"item\" title=\"Partagez sur Facebook\" rel=\"noopener\"><img decoding=\"async\" src=\"https:\/\/www.europesays.com\/fr\/wp-content\/uploads\/2025\/08\/reginald-otten-easyjet-France-resizedFile55.jpg\" style=\"width:300px;\"\/><\/a>&#13;<\/p>\n<p>&#13;\n\t\t\t\t\t\t\t\t\t\t<\/p>\n","protected":false},"excerpt":{"rendered":"L\u2019ouverture \u00e0 l\u2019Italienne d\u2019easyJet \u00e0 Nice C\u00f4te d\u2019Azur &#13; &#13; 26 ao\u00fbt 2025\u00a0\u00a0&#13; &#13; Michel Bovas\u00a0\u00a0&#13; &#13; &#13;&hellip;\n","protected":false},"author":2,"featured_media":344601,"comment_status":"","ping_status":"","sticky":false,"template":"","format":"standard","meta":{"footnotes":""},"categories":[2819],"tags":[1111,11,1777,674,1011,27,1031,4052,12,2401,4048,4050,882,1404,4049,25,4053,4051,602],"class_list":{"0":"post-344600","1":"post","2":"type-post","3":"status-publish","4":"format-standard","5":"has-post-thumbnail","7":"category-nice","8":"tag-actu","9":"tag-actualites","10":"tag-eu","11":"tag-europe","12":"tag-fr","13":"tag-france","14":"tag-magazine","15":"tag-magazine-touristique","16":"tag-news","17":"tag-nice","18":"tag-presse","19":"tag-presse-professionnelle","20":"tag-provence-alpes-cote-dazur","21":"tag-quotidien","22":"tag-quotidienne","23":"tag-republique-francaise","24":"tag-revue","25":"tag-revue-tourisme","26":"tag-tourisme"},"share_on_mastodon":{"url":"https:\/\/pubeurope.com\/@fr\/115093788886889407","error":""},"_links":{"self":[{"href":"https:\/\/www.europesays.com\/fr\/wp-json\/wp\/v2\/posts\/344600","targetHints":{"allow":["GET"]}}],"collection":[{"href":"https:\/\/www.europesays.com\/fr\/wp-json\/wp\/v2\/posts"}],"about":[{"href":"https:\/\/www.europesays.com\/fr\/wp-json\/wp\/v2\/types\/post"}],"author":[{"embeddable":true,"href":"https:\/\/www.europesays.com\/fr\/wp-json\/wp\/v2\/users\/2"}],"replies":[{"embeddable":true,"href":"https:\/\/www.europesays.com\/fr\/wp-json\/wp\/v2\/comments?post=344600"}],"version-history":[{"count":0,"href":"https:\/\/www.europesays.com\/fr\/wp-json\/wp\/v2\/posts\/344600\/revisions"}],"wp:featuredmedia":[{"embeddable":true,"href":"https:\/\/www.europesays.com\/fr\/wp-json\/wp\/v2\/media\/344601"}],"wp:attachment":[{"href":"https:\/\/www.europesays.com\/fr\/wp-json\/wp\/v2\/media?parent=344600"}],"wp:term":[{"taxonomy":"category","embeddable":true,"href":"https:\/\/www.europesays.com\/fr\/wp-json\/wp\/v2\/categories?post=344600"},{"taxonomy":"post_tag","embeddable":true,"href":"https:\/\/www.europesays.com\/fr\/wp-json\/wp\/v2\/tags?post=344600"}],"curies":[{"name":"wp","href":"https:\/\/api.w.org\/{rel}","templated":true}]}}