{"id":344602,"date":"2025-08-26T07:03:14","date_gmt":"2025-08-26T07:03:14","guid":{"rendered":"https:\/\/www.europesays.com\/fr\/344602\/"},"modified":"2025-08-26T07:03:14","modified_gmt":"2025-08-26T07:03:14","slug":"nice-negocie-pour-tiago-gouveia","status":"publish","type":"post","link":"https:\/\/www.europesays.com\/fr\/344602\/","title":{"rendered":"Nice n\u00e9gocie pour Tiago Gouveia"},"content":{"rendered":"<p>L\u2019OGC Nice continue de s\u2019activer sur le mercato estival. Si le dossier Sinayoko semble s\u2019\u00eatre referm\u00e9 \u00e0 Nice, une nouvelle piste est actuellement \u00e9tudi\u00e9e. Selon les derni\u00e8res informations de la presse portugaise, le Gym discute d\u2019un pr\u00eat avec option d\u2019achat estim\u00e9e \u00e0 8 millions d\u2019euros avec Benfica pour son ailier droit <a href=\"https:\/\/www.footmercato.net\/joueur\/tiago-maria-antunes-gouveia\/\" rel=\"nofollow noopener\" target=\"_blank\">Tiago Gouveia<\/a>. <\/p>\n<p>            La suite apr\u00e8s cette publicit\u00e9<\/p>\n<p>Li\u00e9 au club portugais jusqu\u2019en juin 2028, l\u2019ailier droit de 24 ans devrait malgr\u00e9 tout \u00eatre titulaire lors du barrage retour de Ligue des champions, ce mercredi, face \u00e0 Fenerbah\u00e7e (0-0 \u00e0 l\u2019aller). A noter qu\u2019il \u00e9tait rest\u00e9 sur le banc lors de la double confrontation face \u00e0 <a href=\"https:\/\/www.footmercato.net\/club\/ogc-nice\/\" rel=\"nofollow noopener\" target=\"_blank\">Nice<\/a> au tour pr\u00e9c\u00e9dent.<\/p>\n<p>\n    Pub. le 25\/08\/2025 16:28<br \/>\n            &#8211; MAJ le 25\/08\/2025 23:55\n    <\/p>\n","protected":false},"excerpt":{"rendered":"L\u2019OGC Nice continue de s\u2019activer sur le mercato estival. Si le dossier Sinayoko semble s\u2019\u00eatre referm\u00e9 \u00e0 Nice,&hellip;\n","protected":false},"author":2,"featured_media":90453,"comment_status":"","ping_status":"","sticky":false,"template":"","format":"standard","meta":{"footnotes":""},"categories":[2819],"tags":[1111,11,1777,674,1011,27,12,2401,882,25],"class_list":{"0":"post-344602","1":"post","2":"type-post","3":"status-publish","4":"format-standard","5":"has-post-thumbnail","7":"category-nice","8":"tag-actu","9":"tag-actualites","10":"tag-eu","11":"tag-europe","12":"tag-fr","13":"tag-france","14":"tag-news","15":"tag-nice","16":"tag-provence-alpes-cote-dazur","17":"tag-republique-francaise"},"share_on_mastodon":{"url":"https:\/\/pubeurope.com\/@fr\/115093792535364962","error":""},"_links":{"self":[{"href":"https:\/\/www.europesays.com\/fr\/wp-json\/wp\/v2\/posts\/344602","targetHints":{"allow":["GET"]}}],"collection":[{"href":"https:\/\/www.europesays.com\/fr\/wp-json\/wp\/v2\/posts"}],"about":[{"href":"https:\/\/www.europesays.com\/fr\/wp-json\/wp\/v2\/types\/post"}],"author":[{"embeddable":true,"href":"https:\/\/www.europesays.com\/fr\/wp-json\/wp\/v2\/users\/2"}],"replies":[{"embeddable":true,"href":"https:\/\/www.europesays.com\/fr\/wp-json\/wp\/v2\/comments?post=344602"}],"version-history":[{"count":0,"href":"https:\/\/www.europesays.com\/fr\/wp-json\/wp\/v2\/posts\/344602\/revisions"}],"wp:featuredmedia":[{"embeddable":true,"href":"https:\/\/www.europesays.com\/fr\/wp-json\/wp\/v2\/media\/90453"}],"wp:attachment":[{"href":"https:\/\/www.europesays.com\/fr\/wp-json\/wp\/v2\/media?parent=344602"}],"wp:term":[{"taxonomy":"category","embeddable":true,"href":"https:\/\/www.europesays.com\/fr\/wp-json\/wp\/v2\/categories?post=344602"},{"taxonomy":"post_tag","embeddable":true,"href":"https:\/\/www.europesays.com\/fr\/wp-json\/wp\/v2\/tags?post=344602"}],"curies":[{"name":"wp","href":"https:\/\/api.w.org\/{rel}","templated":true}]}}