{"id":344603,"date":"2025-08-26T07:06:19","date_gmt":"2025-08-26T07:06:19","guid":{"rendered":"https:\/\/www.europesays.com\/fr\/344603\/"},"modified":"2025-08-26T07:06:19","modified_gmt":"2025-08-26T07:06:19","slug":"fuite-de-monoxyde-de-carbonne-dans-un-immeuble-de-nantes-une-quarantaine-dappartements-prives-de-gaz-par-precaution","status":"publish","type":"post","link":"https:\/\/www.europesays.com\/fr\/344603\/","title":{"rendered":"Fuite de monoxyde de carbonne dans un immeuble de Nantes\u00a0: une quarantaine d&rsquo;appartements priv\u00e9s de gaz par pr\u00e9caution"},"content":{"rendered":"<p>Un d\u00e9tecteur de monoxyde de carbone s&rsquo;est d\u00e9clench\u00e9 dans un immeuble, quartier Jules Verne, \u00e0 Nantes, ce lundi en fin de journ\u00e9e. Les pompiers et GRDF sont intervenus. Le gaz qui alimente les chaudi\u00e8res, a \u00e9t\u00e9 coup\u00e9 dans une quarantaine d&rsquo;appartements. Il n&rsquo;y a pas eu de bless\u00e9.<\/p>\n<p>Tout est parti du <strong>d\u00e9clenchement d&rsquo;un d\u00e9tecteur de gaz, dans un appartement situ\u00e9 au premier \u00e9tage d&rsquo;un immeuble, au 1 rue Michel Strogoff,<\/strong> quartier Jules Verne \u00e0 Nantes. L&rsquo;alerte a \u00e9t\u00e9 donn\u00e9e un peu avant 19 heures. Les techniciens de GRDF et les pompiers appel\u00e9s sur place ont effectu\u00e9 <strong>des relev\u00e9s qui ont confirm\u00e9 des taux anormaux de monoxyde de carbone<\/strong> dans l&rsquo;air, dans plusieurs parties de cet immeuble de sept \u00e9tages.<\/p>\n<p>Le monoxyde de carbone est un <strong>gaz incolore, inodore, insipide et non irritant, ind\u00e9tectable<\/strong> par le corps humain, bien que <strong>particuli\u00e8rement toxique.<\/strong><\/p>\n<p>Des reconnaissances dans trois mont\u00e9es d&rsquo;escalier<\/p>\n<p>Des reconnaissances ont eu lieu dans plusieurs appartements de la m\u00eame mont\u00e9e d&rsquo;escalier et des mont\u00e9es d&rsquo;escalier num\u00e9ro 2 et 3, o\u00f9 des relev\u00e9s positifs ont \u00e9galement \u00e9t\u00e9 constat\u00e9s. <strong>Le gaz a \u00e9t\u00e9 coup\u00e9 dans une quarantaine d&rsquo;appartements sur ces trois adresses<\/strong>. Les pompiers ont aussi effectu\u00e9 des \u00ab\u00a0lev\u00e9es de doute\u00a0\u00bb dans les appartements qui \u00e9taient ferm\u00e9s et dont personne ne r\u00e9pondait \u00e0 l&rsquo;appel des secours, pour v\u00e9rifier qu&rsquo;il n&rsquo;y avait pas de victime \u00e0 l&rsquo;int\u00e9rieur.<\/p>\n<p>Des investigations dans d&rsquo;autres immeubles du quartier<\/p>\n<p>Des v\u00e9rifications ont \u00e9galement \u00e9t\u00e9 conduites, dans la soir\u00e9e, sur un p\u00e9rim\u00e8tre \u00e9largi, dans <strong>d&rsquo;autres b\u00e2timents de la m\u00eame rue et de la rue du Capitaine N\u00e9mo<\/strong>, situ\u00e9e juste \u00e0 c\u00f4t\u00e9.<\/p>\n<p>Dans leur dernier bulletin, envoy\u00e9 en fin de soir\u00e9e, <strong>les pompiers ne signalaient aucun bless\u00e9.<\/strong><\/p>\n<p>La remise en fonctionnement de chaudi\u00e8res en question<\/p>\n<p>D&rsquo;apr\u00e8s les premi\u00e8res investigations, les \u00e9manations de monoxyde de carbone se seraient d\u00e9clench\u00e9es au moment de <strong>la mise en fonctionnement des chaudi\u00e8res<\/strong> dans plusieurs appartements de la cage d&rsquo;escalier num\u00e9ro 1. Les investigations se poursuivaient dans la soir\u00e9e.<\/p>\n","protected":false},"excerpt":{"rendered":"Un d\u00e9tecteur de monoxyde de carbone s&rsquo;est d\u00e9clench\u00e9 dans un immeuble, quartier Jules Verne, \u00e0 Nantes, ce lundi&hellip;\n","protected":false},"author":2,"featured_media":344604,"comment_status":"","ping_status":"","sticky":false,"template":"","format":"standard","meta":{"footnotes":""},"categories":[2818],"tags":[1111,11,1777,674,1011,27,766,12,2636,25],"class_list":{"0":"post-344603","1":"post","2":"type-post","3":"status-publish","4":"format-standard","5":"has-post-thumbnail","7":"category-nantes","8":"tag-actu","9":"tag-actualites","10":"tag-eu","11":"tag-europe","12":"tag-fr","13":"tag-france","14":"tag-nantes","15":"tag-news","16":"tag-pays-de-la-loire","17":"tag-republique-francaise"},"share_on_mastodon":{"url":"https:\/\/pubeurope.com\/@fr\/115093804407584332","error":""},"_links":{"self":[{"href":"https:\/\/www.europesays.com\/fr\/wp-json\/wp\/v2\/posts\/344603","targetHints":{"allow":["GET"]}}],"collection":[{"href":"https:\/\/www.europesays.com\/fr\/wp-json\/wp\/v2\/posts"}],"about":[{"href":"https:\/\/www.europesays.com\/fr\/wp-json\/wp\/v2\/types\/post"}],"author":[{"embeddable":true,"href":"https:\/\/www.europesays.com\/fr\/wp-json\/wp\/v2\/users\/2"}],"replies":[{"embeddable":true,"href":"https:\/\/www.europesays.com\/fr\/wp-json\/wp\/v2\/comments?post=344603"}],"version-history":[{"count":0,"href":"https:\/\/www.europesays.com\/fr\/wp-json\/wp\/v2\/posts\/344603\/revisions"}],"wp:featuredmedia":[{"embeddable":true,"href":"https:\/\/www.europesays.com\/fr\/wp-json\/wp\/v2\/media\/344604"}],"wp:attachment":[{"href":"https:\/\/www.europesays.com\/fr\/wp-json\/wp\/v2\/media?parent=344603"}],"wp:term":[{"taxonomy":"category","embeddable":true,"href":"https:\/\/www.europesays.com\/fr\/wp-json\/wp\/v2\/categories?post=344603"},{"taxonomy":"post_tag","embeddable":true,"href":"https:\/\/www.europesays.com\/fr\/wp-json\/wp\/v2\/tags?post=344603"}],"curies":[{"name":"wp","href":"https:\/\/api.w.org\/{rel}","templated":true}]}}