{"id":344609,"date":"2025-08-26T07:09:13","date_gmt":"2025-08-26T07:09:13","guid":{"rendered":"https:\/\/www.europesays.com\/fr\/344609\/"},"modified":"2025-08-26T07:09:13","modified_gmt":"2025-08-26T07:09:13","slug":"participez-a-la-vegetalisation-des-facades-et-rues-de-toulouse","status":"publish","type":"post","link":"https:\/\/www.europesays.com\/fr\/344609\/","title":{"rendered":"participez \u00e0 la v\u00e9g\u00e9talisation des fa\u00e7ades et rues de Toulouse"},"content":{"rendered":"<p><strong>Pour verdir ses rues et impliquer les habitants, la Mairie de Toulouse relance l\u2019op\u00e9ration participative \u201cDes fleurs sur mon mur\u201d. Fa\u00e7ades, pieds d\u2019arbres ou petits espaces publics : chacun peut fleurir son cadre de vie avec des plantations adapt\u00e9es au climat local et valid\u00e9es par la collectivit\u00e9.<\/strong><\/p>\n<p><img fetchpriority=\"high\" decoding=\"async\" width=\"1200\" height=\"800\" src=\"https:\/\/www.europesays.com\/fr\/wp-content\/uploads\/2025\/08\/Des-Fleurs-sur-mon-mur-rue-Micoud-.jpg\" alt=\"Des Fleurs sur mon mur rue Micoud\"  \/><\/p>\n<p>La rue Micoud s\u2019est embellie gr\u00e2ce \u00e0 l\u2019op\u00e9ration Des Fleurs sur mon mur. \u00a9P.Nin<\/p>\n<p>Au-del\u00e0 de ses propres <a href=\"https:\/\/www.lejournaltoulousain.fr\/occitanie\/haute-garonne\/toulouse\/objectif-100-000-arbres-toulouse-avance-grands-pas-312300\/\" rel=\"nofollow noopener\" target=\"_blank\">actions pour v\u00e9g\u00e9taliser la Ville rose, comme le Plan 100 000 arbres<\/a>, la Mairie de Toulouse appelle les habitants \u00e0 se mobiliser pour verdir leur quartier et relance l\u2019initiative participative <strong>\u201cDes fleurs sur mon mur\u201d<\/strong>. Ce dispositif encourage les habitants \u00e0 v\u00e9g\u00e9taliser leur environnement imm\u00e9diat (fa\u00e7ades, pieds d\u2019arbres ou petits espaces publics) afin de rapprocher la nature du quotidien des Toulousains.<\/p>\n<p>Aux arbres, citoyens !<\/p>\n<p>Le principe est simple : chacun peut contribuer, selon son type de logement, ses moyens et ses envies. Trois options de plantation sont propos\u00e9es :<\/p>\n<ul class=\"wp-block-list\">\n<li><strong>Au pied de fa\u00e7ade<\/strong>, devant une maison, un immeuble ou un commerce. Dans ce cas, les services municipaux cr\u00e9ent une fosse dans l\u2019espace public et l\u2019approvisionnent en terre v\u00e9g\u00e9tale pr\u00eate \u00e0 planter.<\/li>\n<li><strong>Au pied d\u2019arbre<\/strong>, directement devant un domicile.<\/li>\n<li><strong>Sur de petits espaces verts publics<\/strong>, en partenariat avec des associations locales.<\/li>\n<\/ul>\n<p>La Ville a par ailleurs mis \u00e0 disposition <a href=\"https:\/\/metropole.toulouse.fr\/mon-environnement\/nature-et-climat\/nature-en-ville\/un-plan-arbres-pour-vegetaliser-la-ville#des-arbres-choisis-avec-soin-dans-la-palette-vegetale\" target=\"_blank\" rel=\"noreferrer noopener nofollow\">une <strong>palette v\u00e9g\u00e9tale<\/strong> regroupant des essences adapt\u00e9es au climat et aux sols toulousains<\/a>. Ce document, \u00e9labor\u00e9 avec l\u2019expertise de l\u2019Office National des For\u00eats (ONF), du Mus\u00e9um de Toulouse et d\u2019associations sp\u00e9cialis\u00e9es, int\u00e8gre les enjeux li\u00e9s au changement climatique \u00e0 horizon 2100.<\/p>\n<p>Des fleurs sur mon mur : plantations guid\u00e9es et encadr\u00e9es<\/p>\n<p>Pour accompagner les volontaires dans leur achat de plants, la Mairie fournit donc une liste d\u2019essence de plantes durables, mais aussi des conseils de jardinage. Au-del\u00e0 de ce programme, sachez que des <strong>distributions gratuites de v\u00e9g\u00e9taux<\/strong> sont organis\u00e9es lors d\u2019\u00e9v\u00e8nements comme \u201cCapitole v\u00e9g\u00e9tal\u201d ou <a href=\"https:\/\/www.lejournaltoulousain.fr\/occitanie\/haute-garonne\/toulouse\/serres-toulouse-315300\/\" rel=\"nofollow noopener\" target=\"_blank\">les journ\u00e9es portes ouvertes des serres municipales<\/a>. Un tutoriel en ligne est \u00e9galement accessible pour apprendre \u00e0 planter un arbre chez soi.<\/p>\n<p>En cas de <a href=\"https:\/\/demarches-montoulouse.eservices.toulouse-metropole.fr\/environnement\/fleur-sur-mon-mur\/\" target=\"_blank\" rel=\"noreferrer noopener nofollow\">demande, qui doit \u00eatre faite en ligne<\/a>, un agent technique prend contact avec l\u2019habitant afin de <strong>v\u00e9rifier la faisabilit\u00e9 du projet<\/strong>. Certaines contraintes peuvent entra\u00eener un refus : pr\u00e9sence de r\u00e9seaux souterrains, d\u2019une cave, ou encore largeur insuffisante de trottoir pour garantir l\u2019accessibilit\u00e9. Pour finaliser votre d\u00e9marche, vous devrez remplir le formulaire d\u00e9di\u00e9, signer la charte de v\u00e9g\u00e9talisation, fournir un accord pr\u00e9alable du syndic si vous r\u00e9sidez en copropri\u00e9t\u00e9, un accord du propri\u00e9taire si vous \u00eates en location, et transmettre une photo de l\u2019emplacement de la future plantation.<\/p>\n","protected":false},"excerpt":{"rendered":"Pour verdir ses rues et impliquer les habitants, la Mairie de Toulouse relance l\u2019op\u00e9ration participative \u201cDes fleurs sur&hellip;\n","protected":false},"author":2,"featured_media":344610,"comment_status":"","ping_status":"","sticky":false,"template":"","format":"standard","meta":{"footnotes":""},"categories":[2816],"tags":[1111,11,48080,1777,674,1011,27,12,2680,25,2312],"class_list":{"0":"post-344609","1":"post","2":"type-post","3":"status-publish","4":"format-standard","5":"has-post-thumbnail","7":"category-toulouse","8":"tag-actu","9":"tag-actualites","10":"tag-des-fleurs-sur-mon-mur-participez-u00e0-la-vu00e9gu00e9talisation-des-fau00e7ades-et-rues-de-toulouse","11":"tag-eu","12":"tag-europe","13":"tag-fr","14":"tag-france","15":"tag-news","16":"tag-occitanie","17":"tag-republique-francaise","18":"tag-toulouse"},"share_on_mastodon":{"url":"https:\/\/pubeurope.com\/@fr\/115093816278391275","error":""},"_links":{"self":[{"href":"https:\/\/www.europesays.com\/fr\/wp-json\/wp\/v2\/posts\/344609","targetHints":{"allow":["GET"]}}],"collection":[{"href":"https:\/\/www.europesays.com\/fr\/wp-json\/wp\/v2\/posts"}],"about":[{"href":"https:\/\/www.europesays.com\/fr\/wp-json\/wp\/v2\/types\/post"}],"author":[{"embeddable":true,"href":"https:\/\/www.europesays.com\/fr\/wp-json\/wp\/v2\/users\/2"}],"replies":[{"embeddable":true,"href":"https:\/\/www.europesays.com\/fr\/wp-json\/wp\/v2\/comments?post=344609"}],"version-history":[{"count":0,"href":"https:\/\/www.europesays.com\/fr\/wp-json\/wp\/v2\/posts\/344609\/revisions"}],"wp:featuredmedia":[{"embeddable":true,"href":"https:\/\/www.europesays.com\/fr\/wp-json\/wp\/v2\/media\/344610"}],"wp:attachment":[{"href":"https:\/\/www.europesays.com\/fr\/wp-json\/wp\/v2\/media?parent=344609"}],"wp:term":[{"taxonomy":"category","embeddable":true,"href":"https:\/\/www.europesays.com\/fr\/wp-json\/wp\/v2\/categories?post=344609"},{"taxonomy":"post_tag","embeddable":true,"href":"https:\/\/www.europesays.com\/fr\/wp-json\/wp\/v2\/tags?post=344609"}],"curies":[{"name":"wp","href":"https:\/\/api.w.org\/{rel}","templated":true}]}}