{"id":34461,"date":"2025-04-18T16:24:11","date_gmt":"2025-04-18T16:24:11","guid":{"rendered":"https:\/\/www.europesays.com\/fr\/34461\/"},"modified":"2025-04-18T16:24:11","modified_gmt":"2025-04-18T16:24:11","slug":"apres-une-nouvelle-fusillade-a-rennes-la-maire-nathalie-appere-reclame-des-renforts-de-police-video","status":"publish","type":"post","link":"https:\/\/www.europesays.com\/fr\/34461\/","title":{"rendered":"Apr\u00e8s une nouvelle fusillade \u00e0 Rennes, la maire Nathalie App\u00e9r\u00e9 r\u00e9clame des renforts de police [Vid\u00e9o]"},"content":{"rendered":"<p>La police scientifique est encore sur place quand la maire de Rennes Nathalie App\u00e9r\u00e9 prend la parole. Ce jeudi 17 avril, aux alentours de 17 h 30, une fusillade a fait trois bless\u00e9s \u00e0 Villejean. Les assaillants, cagoul\u00e9s et \u00e9quip\u00e9s d\u2019armes longues, auraient par ailleurs renvers\u00e9 un quatri\u00e8me homme en voiture. Une nouvelle flamb\u00e9e de violence, en plein jour, dans ce quartier secou\u00e9 \u00e0 plusieurs reprises ces derniers mois par des faits similaires, dans un contexte de guerre pour le contr\u00f4le du juteux trafic de drogue.<\/p>\n<p>Encore trop t\u00f4t pour faire un lien entre cet \u00e9pisode et le narcotrafic, selon la maire PS, qui rappelle qu\u2019une enqu\u00eate a \u00e9t\u00e9 ouverte. Pour autant, \u00ab chacun voit que, sur ce quartier, les diff\u00e9rents faits qui ont eu lieu ces derniers mois se sont d\u00e9roul\u00e9s sur fond de trafic de stup\u00e9fiants \u00bb, s\u2019alarme-t-elle. \u00ab J\u2019ai contact\u00e9 imm\u00e9diatement la pr\u00e9fecture et le DIPN qui m\u2019ont garanti un d\u00e9ploiement d\u2019effectif de police. \u00bb La CRS 82 a \u00e9t\u00e9 d\u00e9p\u00each\u00e9e sur place pour s\u00e9curiser le quartier. Elle devrait rester plusieurs jours. \u00ab C\u2019est une demande forte des habitants dans ce moment tr\u00e8s traumatisant. \u00bb<\/p>\n<p>\u00ab Pas assez d\u2019effectifs \u00e0 Rennes \u00bb, selon la maire<\/p>\n<p>Mais cela ne suffit pas, d\u00e9clare en substance la maire devant les cam\u00e9ras. \u00ab On ne cesse de plaider aupr\u00e8s du minist\u00e8re de l\u2019Int\u00e9rieur et de l\u2019ensemble des autorit\u00e9s de l\u2019\u00c9tat pour qu\u2019il y ait des effectifs en nombre important. Nous n\u2019en avons pas suffisamment sur le territoire rennais. Nous savons tous le combat, au niveau national, \u00e0 mener pour lutter contre le narcotrafic avec des moyens policiers et judiciaires. Les habitants vivent des situations intenables. \u00bb<\/p>\n<p>Une position maintes fois r\u00e9p\u00e9t\u00e9e ces derniers mois. Et qui ne satisfait pas son opposition, estimant que la maire, au pouvoir depuis 2014, n\u2019en fait pas assez pour lutter contre l\u2019explosion des faits li\u00e9s au narcotrafic dans sa ville. Par un incroyable concours de circonstances, deux \u00e9lus de la droite et du centre \u00e9taient pr\u00e9sents dans le Subway o\u00f9 les trois jeunes se sont fait tirer dessus. Dont le chef de file Charles Compagnon et son coll\u00e8gue Nicolas Boucher. Choqu\u00e9, ce dernier s\u2019agace : \u00ab Les messages de soutien ne servent \u00e0 rien. Il faut r\u00e9agir au lieu de tout mettre sur le dos de l\u2019\u00c9tat. Est-ce qu\u2019on attend qu\u2019il y ait un mort ? \u00bb<\/p>\n","protected":false},"excerpt":{"rendered":"La police scientifique est encore sur place quand la maire de Rennes Nathalie App\u00e9r\u00e9 prend la parole. Ce&hellip;\n","protected":false},"author":2,"featured_media":34462,"comment_status":"","ping_status":"","sticky":false,"template":"","format":"standard","meta":{"footnotes":""},"categories":[2821],"tags":[1111,11,829,765,1777,674,118,3383,1011,27,10736,12,584,25,2955],"class_list":{"0":"post-34461","1":"post","2":"type-post","3":"status-publish","4":"format-standard","5":"has-post-thumbnail","7":"category-rennes","8":"tag-actu","9":"tag-actualites","10":"tag-bretagne","11":"tag-en-continu","12":"tag-eu","13":"tag-europe","14":"tag-faits-divers","15":"tag-faits-divers-a-rennes","16":"tag-fr","17":"tag-france","18":"tag-nathalie-appere","19":"tag-news","20":"tag-rennes","21":"tag-republique-francaise","22":"tag-videos"},"share_on_mastodon":{"url":"https:\/\/pubeurope.com\/@fr\/114359898392500533","error":""},"_links":{"self":[{"href":"https:\/\/www.europesays.com\/fr\/wp-json\/wp\/v2\/posts\/34461","targetHints":{"allow":["GET"]}}],"collection":[{"href":"https:\/\/www.europesays.com\/fr\/wp-json\/wp\/v2\/posts"}],"about":[{"href":"https:\/\/www.europesays.com\/fr\/wp-json\/wp\/v2\/types\/post"}],"author":[{"embeddable":true,"href":"https:\/\/www.europesays.com\/fr\/wp-json\/wp\/v2\/users\/2"}],"replies":[{"embeddable":true,"href":"https:\/\/www.europesays.com\/fr\/wp-json\/wp\/v2\/comments?post=34461"}],"version-history":[{"count":0,"href":"https:\/\/www.europesays.com\/fr\/wp-json\/wp\/v2\/posts\/34461\/revisions"}],"wp:featuredmedia":[{"embeddable":true,"href":"https:\/\/www.europesays.com\/fr\/wp-json\/wp\/v2\/media\/34462"}],"wp:attachment":[{"href":"https:\/\/www.europesays.com\/fr\/wp-json\/wp\/v2\/media?parent=34461"}],"wp:term":[{"taxonomy":"category","embeddable":true,"href":"https:\/\/www.europesays.com\/fr\/wp-json\/wp\/v2\/categories?post=34461"},{"taxonomy":"post_tag","embeddable":true,"href":"https:\/\/www.europesays.com\/fr\/wp-json\/wp\/v2\/tags?post=34461"}],"curies":[{"name":"wp","href":"https:\/\/api.w.org\/{rel}","templated":true}]}}