{"id":344611,"date":"2025-08-26T07:10:16","date_gmt":"2025-08-26T07:10:16","guid":{"rendered":"https:\/\/www.europesays.com\/fr\/344611\/"},"modified":"2025-08-26T07:10:16","modified_gmt":"2025-08-26T07:10:16","slug":"journees-du-patrimoine-2025-preparez-vous-a-redecouvrir-toulouse-les-20-et-21-septembre","status":"publish","type":"post","link":"https:\/\/www.europesays.com\/fr\/344611\/","title":{"rendered":"Journ\u00e9es du Patrimoine 2025 : Pr\u00e9parez-vous \u00e0 Red\u00e9couvrir Toulouse les 20 et 21 Septembre !"},"content":{"rendered":"<p><b>Toulouse, passionn\u00e9s d\u2019histoire et curieux de tous horizons, marquez vos calendriers ! Les Journ\u00e9es du patrimoine \u00e0 Toulouse reviennent le week-end du samedi 20 et dimanche 21 septembre 2025. C\u2019est l\u2019occasion r\u00eav\u00e9e d\u2019explorer gratuitement des lieux embl\u00e9matiques de la ville, habituellement ferm\u00e9s au public, et de vous immerger dans pr\u00e8s de deux mill\u00e9naires d\u2019histoire locale.<\/b><\/p>\n<p><img loading=\"lazy\" decoding=\"async\" class=\"size-full wp-image-902060 aligncenter\" src=\"https:\/\/www.europesays.com\/fr\/wp-content\/uploads\/2025\/08\/journees-du-patrimoine-2025.jpg.webp.webp\" alt=\"\" width=\"189\" height=\"267\"  \/><\/p>\n<p>Ces journ\u00e9es sont un rendez-vous incontournable pour les Toulousains et les visiteurs. Elles permettent de (re)d\u00e9couvrir la richesse architecturale et culturelle de la Ville Rose \u00e0 travers une multitude de visites et d\u2019animations.<\/p>\n<p>Au Programme : Des Lieux Incontournables et des Secrets R\u00e9v\u00e9l\u00e9s<\/p>\n<p>La plupart des sites seront accessibles de <b>10h \u00e0 18h<\/b>, avec des horaires potentiellement \u00e9tendus pour certains. Attendez-vous \u00e0 une programmation riche, vous permettant de visiter des lieux embl\u00e9matiques comme :<\/p>\n<ul>\n<li><b>Le Capitole :<\/b> D\u00e9couvrez les coulisses de la mairie et ses salles fastueuses.<\/li>\n<li><b>Le Th\u00e9\u00e2tre de la Cit\u00e9 et le Palais de Justice :<\/b> Deux institutions qui ouvriront leurs portes pour vous d\u00e9voiler leurs secrets.<\/li>\n<li><b>Les Abattoirs, la Basilique Saint-Sernin, le couvent des Jacobins :<\/b> Plongez dans l\u2019histoire de la ville \u00e0 travers des monuments religieux et artistiques majeurs.<\/li>\n<li><b>Le Mus\u00e9um d\u2019histoire naturelle, l\u2019amphith\u00e9\u00e2tre romain, et les biblioth\u00e8ques :<\/b> Une occasion unique de parcourir ces lieux sous un angle diff\u00e9rent.<\/li>\n<\/ul>\n<p>De nombreux autres sites, des archives d\u00e9partementales au mus\u00e9e du Vieux-Toulouse, proposeront \u00e9galement des visites et des animations.<\/p>\n<p>\u00a0<\/p>\n<p>Visites Guid\u00e9es et Circuits Th\u00e9matiques<\/p>\n<p>Des <b>visites guid\u00e9es et des circuits th\u00e9matiques<\/b> au c\u0153ur de la ville viendront ponctuer ces journ\u00e9es. Parmi les parcours propos\u00e9s, vous pourriez retrouver des th\u00e9matiques comme \u00ab\u00a0Toulouse insolite\u00a0\u00bb, \u00ab\u00a0Le Quartier Saint-\u00c9tienne\u00a0\u00bb ou \u00ab\u00a0Toulouse \u00e0 la Renaissance\u00a0\u00bb. Attention, ces animations sont souvent payantes et n\u00e9cessitent une r\u00e9servation pr\u00e9alable pour garantir votre place.<\/p>\n<p>\u00a0<\/p>\n<p>Un \u00c9v\u00e9nement pour Toute la Famille<\/p>\n<p>Les Journ\u00e9es du patrimoine \u00e0 Toulouse sont parfaitement adapt\u00e9es aux familles. De nombreuses animations sont sp\u00e9cialement con\u00e7ues pour les enfants, incluant des ateliers, des visites ludiques et des chasses au tr\u00e9sor, leur permettant de d\u00e9couvrir l\u2019histoire de mani\u00e8re interactive et amusante.<\/p>\n<p>Pour vous d\u00e9placer entre les diff\u00e9rents sites, le centre-ville est id\u00e9alement propice \u00e0 la marche. Vous pouvez \u00e9galement utiliser le r\u00e9seau de transports en commun de Toulouse (m\u00e9tro, bus, tramway) pour acc\u00e9der facilement \u00e0 tous les lieux.<\/p>\n<p>\u00a0<\/p>\n<p>Infos Pratiques :<\/p>\n<p><b>\u00c9v\u00e9nement :<\/b> Journ\u00e9es du patrimoine \u00e0 Toulouse<br \/><b>Dates :<\/b> Samedi 20 et Dimanche 21 septembre 2025<br \/><b>Heures :<\/b> De 10h \u00e0 18h (horaires indicatifs)<br \/><b>Lieux :<\/b> Nombreux sites embl\u00e9matiques de la ville<br \/><b>Acc\u00e8s :<\/b> Principalement gratuit<br \/><b>D\u00e9tails &amp; R\u00e9servations :<\/b> Le programme d\u00e9taill\u00e9 des visites guid\u00e9es et des r\u00e9servations sera disponible sur le site de la Mairie de Toulouse \u00e0 l\u2019approche de l\u2019\u00e9v\u00e9nement.<\/p>\n<p>Ne manquez pas ce week-end exceptionnel pour explorer et vous \u00e9merveiller devant le riche patrimoine de Toulouse !<\/p>\n","protected":false},"excerpt":{"rendered":"Toulouse, passionn\u00e9s d\u2019histoire et curieux de tous horizons, marquez vos calendriers ! Les Journ\u00e9es du patrimoine \u00e0 Toulouse&hellip;\n","protected":false},"author":2,"featured_media":344612,"comment_status":"","ping_status":"","sticky":false,"template":"","format":"standard","meta":{"footnotes":""},"categories":[2816],"tags":[1111,11,1777,674,1011,27,12,2680,25,2312],"class_list":{"0":"post-344611","1":"post","2":"type-post","3":"status-publish","4":"format-standard","5":"has-post-thumbnail","7":"category-toulouse","8":"tag-actu","9":"tag-actualites","10":"tag-eu","11":"tag-europe","12":"tag-fr","13":"tag-france","14":"tag-news","15":"tag-occitanie","16":"tag-republique-francaise","17":"tag-toulouse"},"share_on_mastodon":{"url":"https:\/\/pubeurope.com\/@fr\/115093820160459203","error":""},"_links":{"self":[{"href":"https:\/\/www.europesays.com\/fr\/wp-json\/wp\/v2\/posts\/344611","targetHints":{"allow":["GET"]}}],"collection":[{"href":"https:\/\/www.europesays.com\/fr\/wp-json\/wp\/v2\/posts"}],"about":[{"href":"https:\/\/www.europesays.com\/fr\/wp-json\/wp\/v2\/types\/post"}],"author":[{"embeddable":true,"href":"https:\/\/www.europesays.com\/fr\/wp-json\/wp\/v2\/users\/2"}],"replies":[{"embeddable":true,"href":"https:\/\/www.europesays.com\/fr\/wp-json\/wp\/v2\/comments?post=344611"}],"version-history":[{"count":0,"href":"https:\/\/www.europesays.com\/fr\/wp-json\/wp\/v2\/posts\/344611\/revisions"}],"wp:featuredmedia":[{"embeddable":true,"href":"https:\/\/www.europesays.com\/fr\/wp-json\/wp\/v2\/media\/344612"}],"wp:attachment":[{"href":"https:\/\/www.europesays.com\/fr\/wp-json\/wp\/v2\/media?parent=344611"}],"wp:term":[{"taxonomy":"category","embeddable":true,"href":"https:\/\/www.europesays.com\/fr\/wp-json\/wp\/v2\/categories?post=344611"},{"taxonomy":"post_tag","embeddable":true,"href":"https:\/\/www.europesays.com\/fr\/wp-json\/wp\/v2\/tags?post=344611"}],"curies":[{"name":"wp","href":"https:\/\/api.w.org\/{rel}","templated":true}]}}