{"id":344613,"date":"2025-08-26T07:11:10","date_gmt":"2025-08-26T07:11:10","guid":{"rendered":"https:\/\/www.europesays.com\/fr\/344613\/"},"modified":"2025-08-26T07:11:10","modified_gmt":"2025-08-26T07:11:10","slug":"roubaix-alcoolise-il-percute-une-voiture-et-menace-le-proprietaire-qui-veut-appeler-la-police","status":"publish","type":"post","link":"https:\/\/www.europesays.com\/fr\/344613\/","title":{"rendered":"Roubaix. Alcoolis\u00e9, il percute une voiture et menace le propri\u00e9taire qui veut appeler la police"},"content":{"rendered":"<p>            Par<br \/>\n        <strong><br \/>\n            <a href=\"https:\/\/actu.fr\/auteur\/margot-nicodeme\" title=\"Consulter tous les articles de Margot Nicod\u00e8me\" rel=\"nofollow noopener\" target=\"_blank\">Margot Nicod\u00e8me<\/a><br \/>\n        <\/strong><\/p>\n<p>        Publi\u00e9 le<\/p>\n<p>            26 ao\u00fbt 2025 \u00e0 8h04        <\/p>\n<p>Un <b><a href=\"https:\/\/actu.fr\/hauts-de-france\/lille_59350\/homicide-involontaire-a-lille-en-2019-il-a-un-accident-face-a-lesplanade-qui-tue-son-passager-et-ami_62908819.html\" rel=\"nofollow noopener\" target=\"_blank\">accident<\/a> de la circulation <\/b>s\u2019est produit tr\u00e8s t\u00f4t, dimanche 24 ao\u00fbt 2025, en raison de<b> l\u2019\u00e9tat d\u2019alcoolisation avanc\u00e9<\/b> d\u2019un automobiliste, \u00e0 <a href=\"https:\/\/actu.fr\/hauts-de-france\/roubaix_59512\" rel=\"nofollow noopener\" target=\"_blank\">Roubaix<\/a> (Nord). Celui-ci a percut\u00e9 un v\u00e9hicule stationn\u00e9 et a menac\u00e9 son propri\u00e9taire.\u00a0<\/p>\n<p>Ivre au volant, il menace le propri\u00e9taire de la voiture qu\u2019il a percut\u00e9e<\/p>\n<p class=\" wall-content\">Il \u00e9tait 7h50 quand les policiers ont \u00e9t\u00e9 appel\u00e9s par un homme de 58 ans. Sa voiture stationn\u00e9e vient d\u2019\u00eatre percut\u00e9e par le conducteur d\u2019une Peugeot. Ce dernier est sous l\u2019empire de l\u2019alcool.\u00a0<\/p>\n<p class=\" wall-content\">Le quinquag\u00e9naire explique qu\u2019il a voulu faire un constat, mais qu\u2019il a \u00e9t\u00e9 <b>violemment pris \u00e0 partie <\/b>par son interlocuteur. L\u2019homme alcoolis\u00e9 lui a ainsi intim\u00e9 l\u2019ordre de ne pas appeler la police. Voyant que ses menaces ne prennent pas, il finit par prendre la fuite \u00e0 pied.\u00a0<\/p>\n<p class=\" wall-content\">\u00c2g\u00e9 de 25 ans, il a \u00e9t\u00e9 rapidement retrouv\u00e9 par les policiers, avant d\u2019\u00eatre plac\u00e9 en garde \u00e0 vue.<\/p>\n<p class=\" wall-content\">Personnalisez votre actualit\u00e9 en ajoutant vos villes et m\u00e9dias en favori avec <a href=\"https:\/\/moncompte.actu.fr\" title=\"D\u00e9couvez Mon Actu\" rel=\"nofollow noopener\" data-trk=\"{&quot;cta&quot;:{&quot;action&quot;:&quot;https:\\\/\\\/moncompte.actu.fr&quot;,&quot;category&quot;:&quot;mon compte&quot;,&quot;from&quot;:&quot;article footer&quot;,&quot;name&quot;:&quot;Mon actu&quot;,&quot;type&quot;:&quot;cta&quot;}}\" target=\"_blank\">Mon Actu<\/a>.<\/p>\n","protected":false},"excerpt":{"rendered":"Par Margot Nicod\u00e8me Publi\u00e9 le 26 ao\u00fbt 2025 \u00e0 8h04 Un accident de la circulation s\u2019est produit tr\u00e8s&hellip;\n","protected":false},"author":2,"featured_media":344614,"comment_status":"","ping_status":"","sticky":false,"template":"","format":"standard","meta":{"footnotes":""},"categories":[2815],"tags":[119,1111,11,1777,674,118,1011,27,811,1307,12,1072,25],"class_list":{"0":"post-344613","1":"post","2":"type-post","3":"status-publish","4":"format-standard","5":"has-post-thumbnail","7":"category-lille","8":"tag-accident","9":"tag-actu","10":"tag-actualites","11":"tag-eu","12":"tag-europe","13":"tag-faits-divers","14":"tag-fr","15":"tag-france","16":"tag-hauts-de-france","17":"tag-lille","18":"tag-news","19":"tag-police","20":"tag-republique-francaise"},"share_on_mastodon":{"url":"https:\/\/pubeurope.com\/@fr\/115093824210920883","error":""},"_links":{"self":[{"href":"https:\/\/www.europesays.com\/fr\/wp-json\/wp\/v2\/posts\/344613","targetHints":{"allow":["GET"]}}],"collection":[{"href":"https:\/\/www.europesays.com\/fr\/wp-json\/wp\/v2\/posts"}],"about":[{"href":"https:\/\/www.europesays.com\/fr\/wp-json\/wp\/v2\/types\/post"}],"author":[{"embeddable":true,"href":"https:\/\/www.europesays.com\/fr\/wp-json\/wp\/v2\/users\/2"}],"replies":[{"embeddable":true,"href":"https:\/\/www.europesays.com\/fr\/wp-json\/wp\/v2\/comments?post=344613"}],"version-history":[{"count":0,"href":"https:\/\/www.europesays.com\/fr\/wp-json\/wp\/v2\/posts\/344613\/revisions"}],"wp:featuredmedia":[{"embeddable":true,"href":"https:\/\/www.europesays.com\/fr\/wp-json\/wp\/v2\/media\/344614"}],"wp:attachment":[{"href":"https:\/\/www.europesays.com\/fr\/wp-json\/wp\/v2\/media?parent=344613"}],"wp:term":[{"taxonomy":"category","embeddable":true,"href":"https:\/\/www.europesays.com\/fr\/wp-json\/wp\/v2\/categories?post=344613"},{"taxonomy":"post_tag","embeddable":true,"href":"https:\/\/www.europesays.com\/fr\/wp-json\/wp\/v2\/tags?post=344613"}],"curies":[{"name":"wp","href":"https:\/\/api.w.org\/{rel}","templated":true}]}}