{"id":344615,"date":"2025-08-26T07:12:30","date_gmt":"2025-08-26T07:12:30","guid":{"rendered":"https:\/\/www.europesays.com\/fr\/344615\/"},"modified":"2025-08-26T07:12:30","modified_gmt":"2025-08-26T07:12:30","slug":"mercato-losc-suivi-par-lille-hamza-igamane-simule-une-blessure-pour-forcer-son-depart-sport-2","status":"publish","type":"post","link":"https:\/\/www.europesays.com\/fr\/344615\/","title":{"rendered":"Mercato Losc. Suivi par Lille, Hamza Igamane simule une blessure pour forcer son d\u00e9part . Sport"},"content":{"rendered":"<p>Un an apr\u00e8s son arriv\u00e9e au Glasgow Rangers, Hamza Igamane pourrait d\u00e9j\u00e0 faire ses valises. L\u2019international marocain (1\u00a0s\u00e9lection) aimerait changer d\u2019air, au sortir d\u2019une bonne saison 2024-2025 (16\u00a0buts et trois passes d\u00e9cisives en 46\u00a0matches). Dans l\u2019id\u00e9e de forcer son d\u00e9part, il aurait pr\u00e9text\u00e9 une blessure pour ne pas rentrer en jeu, lors du match de son \u00e9quipe contre Saint-Mirren (1-1), dimanche 24\u00a0ao\u00fbt, selon les informations de <a href=\"https:\/\/rmcsport.bfmtv.com\/football\/transferts\/mercato-cible-par-le-losc-igamane-aurait-pretexte-une-blessure-pour-rester-sur-le-banc_AV-202508250220.html\" target=\"_blank\" rel=\"noopener\"> RMC Sport <\/a>. Ce ne serait pas le premier, ni le dernier \u00e0 faire ce genre de choses, m\u00eame si le geste n\u2019est pas tr\u00e8s classe.<\/p>\n<p>Le Losc a fait une offre<\/p>\n<p><strong>\u00ab\u00a0Il m\u2019a dit qu\u2019il \u00e9tait bless\u00e9. Il s\u2019est bien entra\u00een\u00e9, il s\u2019est bien \u00e9chauff\u00e9,<\/strong> raconte Russell Martin, son entra\u00eeneur, au micro de Sky Sports. <strong>Nous avons besoin que tout le monde soit \u00e0 fond tout le temps dans ce club.\u00a0\u00bb<\/strong><\/p>\n<p><strong>Lire aussi\u00a0: <\/strong> <a href=\"https:\/\/lorient.maville.com\/sport\/detail_-ille-et-vilaine-stade-rennais.-des-rouges-et-des-retards-qui-font-broyer-du-noir-aux-rouges-et-noir-_12-6945991_actu.Htm\" target=\"_blank\" rel=\"noopener\">Stade Rennais. Des rouges et des retards qui font broyer du noir aux Rouge et Noir<\/a><\/p>\n<p>Hamza Igamane est li\u00e9 aux Rangers jusqu\u2019en 2029, il faudrait donc qu\u2019un club sorte le ch\u00e9quier pour s\u2019attacher ses services. L\u2019attaquant de 22\u00a0ans a des touches en Ligue, notamment du c\u00f4t\u00e9 du Losc, qui a fait une premi\u00e8re offre, repouss\u00e9e par les dirigeants du club \u00e9cossais.<\/p>\n<p>\u00a0<\/p>\n","protected":false},"excerpt":{"rendered":"Un an apr\u00e8s son arriv\u00e9e au Glasgow Rangers, Hamza Igamane pourrait d\u00e9j\u00e0 faire ses valises. L\u2019international marocain (1\u00a0s\u00e9lection)&hellip;\n","protected":false},"author":2,"featured_media":344389,"comment_status":"","ping_status":"","sticky":false,"template":"","format":"standard","meta":{"footnotes":""},"categories":[2815],"tags":[1111,11,3809,1465,1777,674,63,1011,27,1792,811,1922,1307,12,25,479,4937,517,1470],"class_list":{"0":"post-344615","1":"post","2":"type-post","3":"status-publish","4":"format-standard","5":"has-post-thumbnail","7":"category-lille","8":"tag-actu","9":"tag-actualites","10":"tag-ball","11":"tag-basket","12":"tag-eu","13":"tag-europe","14":"tag-football","15":"tag-fr","16":"tag-france","17":"tag-handball","18":"tag-hauts-de-france","19":"tag-info","20":"tag-lille","21":"tag-news","22":"tag-republique-francaise","23":"tag-rugby","24":"tag-saint-brieuc","25":"tag-sport","26":"tag-volley"},"share_on_mastodon":{"url":"https:\/\/pubeurope.com\/@fr\/115093828015949034","error":""},"_links":{"self":[{"href":"https:\/\/www.europesays.com\/fr\/wp-json\/wp\/v2\/posts\/344615","targetHints":{"allow":["GET"]}}],"collection":[{"href":"https:\/\/www.europesays.com\/fr\/wp-json\/wp\/v2\/posts"}],"about":[{"href":"https:\/\/www.europesays.com\/fr\/wp-json\/wp\/v2\/types\/post"}],"author":[{"embeddable":true,"href":"https:\/\/www.europesays.com\/fr\/wp-json\/wp\/v2\/users\/2"}],"replies":[{"embeddable":true,"href":"https:\/\/www.europesays.com\/fr\/wp-json\/wp\/v2\/comments?post=344615"}],"version-history":[{"count":0,"href":"https:\/\/www.europesays.com\/fr\/wp-json\/wp\/v2\/posts\/344615\/revisions"}],"wp:featuredmedia":[{"embeddable":true,"href":"https:\/\/www.europesays.com\/fr\/wp-json\/wp\/v2\/media\/344389"}],"wp:attachment":[{"href":"https:\/\/www.europesays.com\/fr\/wp-json\/wp\/v2\/media?parent=344615"}],"wp:term":[{"taxonomy":"category","embeddable":true,"href":"https:\/\/www.europesays.com\/fr\/wp-json\/wp\/v2\/categories?post=344615"},{"taxonomy":"post_tag","embeddable":true,"href":"https:\/\/www.europesays.com\/fr\/wp-json\/wp\/v2\/tags?post=344615"}],"curies":[{"name":"wp","href":"https:\/\/api.w.org\/{rel}","templated":true}]}}