{"id":344616,"date":"2025-08-26T07:13:18","date_gmt":"2025-08-26T07:13:18","guid":{"rendered":"https:\/\/www.europesays.com\/fr\/344616\/"},"modified":"2025-08-26T07:13:18","modified_gmt":"2025-08-26T07:13:18","slug":"soiree-petanque-au-musee-dhistoire-de-marseille-ce-27-aout-27-08-2025-marseille","status":"publish","type":"post","link":"https:\/\/www.europesays.com\/fr\/344616\/","title":{"rendered":"Soir\u00e9e P\u00e9tanque au Mus\u00e9e d&rsquo;Histoire de Marseille ce 27 ao\u00fbt &#8211; 27\/08\/2025 &#8211; Marseille"},"content":{"rendered":"<p data-start=\"246\" data-end=\"548\">Au programme : <strong data-start=\"382\" data-end=\"440\">visite de l\u2019exposition in\u00e9dite consacr\u00e9e \u00e0 la p\u00e9tanque<\/strong>, restauration conviviale, animations autour du jeu, et un <strong data-start=\"499\" data-end=\"509\">DJ set<\/strong> pour prolonger la soir\u00e9e en musique.Jeu populaire par excellence, la p\u00e9tanque n\u2019est pas seulement un sport, mais <strong>un v\u00e9ritable art de vivre \u00e0 Marseille.<\/strong> Dans les quartiers comme sur les plages, apr\u00e8s le travail comme lors des grands concours, elle est partout, symbole de convivialit\u00e9 et de partage. Capitale mondiale de ce loisir, Marseille accueille la F\u00e9d\u00e9ration nationale de boules et de p\u00e9tanque, l\u2019entreprise embl\u00e9matique <strong data-start=\"1011\" data-end=\"1029\">La Boule Bleue<\/strong>, et bien s\u00fbr le l\u00e9gendaire <strong data-start=\"1057\" data-end=\"1095\">Mondial La Marseillaise \u00e0 p\u00e9tanque<\/strong>.<\/p>\n<p>&#13;<br \/>\nUne exposition in\u00e9dite \u00e0 d\u00e9couvrir au Mus\u00e9e d&rsquo;Histoire&#13;<\/p>\n<p data-start=\"1138\" data-end=\"1534\"><strong>Depuis le 3 juillet et jusqu&rsquo;au 18 janvier 2026,<\/strong>\u00a0le Mus\u00e9e d\u2019Histoire rend hommage \u00e0 ce patrimoine marseillais \u00e0 travers une exposition ludique et sensible.<\/p>\n<p>Con\u00e7ue en cinq espaces, elle m\u00eale <strong data-start=\"1281\" data-end=\"1316\">photographies de Hans Silvester<\/strong>, affiches, dessins et objets patrimoniaux (anciennes boules, santons, souvenirs du Mondial\u2026). Ce parcours sc\u00e9nographi\u00e9 invite \u00e0 red\u00e9couvrir la richesse sociale, historique et culturelle de ce sport devenu universel.<\/p>\n<p>&#13;<\/p>\n<p> &#13;<br \/>\nLe 27 ao\u00fbt, une soir\u00e9e entre culture et f\u00eate&#13;<\/p>\n<p data-start=\"1583\" data-end=\"1848\">En plus de la visite, le mus\u00e9e propose une soir\u00e9e vivante et festive : animations p\u00e9tanque, petite restauration et ambiance musicale assur\u00e9e par un DJ set. L\u2019occasion id\u00e9ale de (re)d\u00e9couvrir ce jeu embl\u00e9matique sous un autre regard, entre patrimoine et modernit\u00e9.<\/p>\n<p>&#13;<\/p>\n<p data-start=\"1583\" data-end=\"1848\"><strong data-start=\"1858\" data-end=\"1877\">Infos pratiques<\/strong><br data-start=\"1877\" data-end=\"1880\"\/>Mus\u00e9e d\u2019Histoire de Marseille \u2013 Centre Bourse<br data-start=\"1928\" data-end=\"1931\"\/>Mercredi 27 ao\u00fbt 2025 \u00e0 partir de 19h<br data-start=\"1971\" data-end=\"1974\"\/>\u00a0Gratuit \u2013 Tout public<\/p>\n","protected":false},"excerpt":{"rendered":"Au programme : visite de l\u2019exposition in\u00e9dite consacr\u00e9e \u00e0 la p\u00e9tanque, restauration conviviale, animations autour du jeu, et&hellip;\n","protected":false},"author":2,"featured_media":344617,"comment_status":"","ping_status":"","sticky":false,"template":"","format":"standard","meta":{"footnotes":""},"categories":[2814],"tags":[1111,11,1777,674,1011,27,884,12,882,25],"class_list":{"0":"post-344616","1":"post","2":"type-post","3":"status-publish","4":"format-standard","5":"has-post-thumbnail","7":"category-marseille","8":"tag-actu","9":"tag-actualites","10":"tag-eu","11":"tag-europe","12":"tag-fr","13":"tag-france","14":"tag-marseille","15":"tag-news","16":"tag-provence-alpes-cote-dazur","17":"tag-republique-francaise"},"share_on_mastodon":{"url":"https:\/\/pubeurope.com\/@fr\/115093831899066675","error":""},"_links":{"self":[{"href":"https:\/\/www.europesays.com\/fr\/wp-json\/wp\/v2\/posts\/344616","targetHints":{"allow":["GET"]}}],"collection":[{"href":"https:\/\/www.europesays.com\/fr\/wp-json\/wp\/v2\/posts"}],"about":[{"href":"https:\/\/www.europesays.com\/fr\/wp-json\/wp\/v2\/types\/post"}],"author":[{"embeddable":true,"href":"https:\/\/www.europesays.com\/fr\/wp-json\/wp\/v2\/users\/2"}],"replies":[{"embeddable":true,"href":"https:\/\/www.europesays.com\/fr\/wp-json\/wp\/v2\/comments?post=344616"}],"version-history":[{"count":0,"href":"https:\/\/www.europesays.com\/fr\/wp-json\/wp\/v2\/posts\/344616\/revisions"}],"wp:featuredmedia":[{"embeddable":true,"href":"https:\/\/www.europesays.com\/fr\/wp-json\/wp\/v2\/media\/344617"}],"wp:attachment":[{"href":"https:\/\/www.europesays.com\/fr\/wp-json\/wp\/v2\/media?parent=344616"}],"wp:term":[{"taxonomy":"category","embeddable":true,"href":"https:\/\/www.europesays.com\/fr\/wp-json\/wp\/v2\/categories?post=344616"},{"taxonomy":"post_tag","embeddable":true,"href":"https:\/\/www.europesays.com\/fr\/wp-json\/wp\/v2\/tags?post=344616"}],"curies":[{"name":"wp","href":"https:\/\/api.w.org\/{rel}","templated":true}]}}