{"id":344618,"date":"2025-08-26T07:14:11","date_gmt":"2025-08-26T07:14:11","guid":{"rendered":"https:\/\/www.europesays.com\/fr\/344618\/"},"modified":"2025-08-26T07:14:11","modified_gmt":"2025-08-26T07:14:11","slug":"marseille-la-reaction-de-corinne-innesti-a-lintervention-du-premier-ministre","status":"publish","type":"post","link":"https:\/\/www.europesays.com\/fr\/344618\/","title":{"rendered":"MARSEILLE : La r\u00e9action de Corinne Innesti \u00e0 l\u2019intervention du Premier ministre"},"content":{"rendered":"<p><strong>La r\u00e9action de Corinne Innesti \u00e0 l\u2019intervention du Premier ministre.<\/strong><\/p>\n<p><strong>R\u00e9action de Corinne Innesti, pr\u00e9sidente de la Cpme 13 :<\/strong><\/p>\n<p>\u00ab Le diagnostic dress\u00e9 par le Premier ministre est juste : les finances publiques de la France ne peuvent plus attendre des r\u00e9formes de fond. Mais derri\u00e8re ces constats nationaux, ce sont surtout les TPE et PME de nos territoires qui subissent au quotidien l\u2019inflation normative, la lourdeur administrative et la pression fiscale.\u00a0<\/p>\n<p>Nous ne pouvons pas nous contenter d\u2019un discours de rigueur : il faut redonner de l\u2019air \u00e0 nos entrepreneurs. Le redressement du pays passera par la croissance, l\u2019investissement et la cr\u00e9ation de valeur dans nos petites et moyennes entreprises, qui repr\u00e9sentent 99 % de notre tissu \u00e9conomique.<\/p>\n<p>\u00c0 la Cpme 13, nous plaidons pour des mesures concr\u00e8tes : all\u00e9ger la complexit\u00e9 r\u00e9glementaire, soutenir l\u2019innovation, encourager l\u2019emploi et cibler l\u2019argent public sur les investissements d\u2019avenir. C\u2019est \u00e0 cette condition que nous pourrons restaurer la confiance, pr\u00e9parer la transition \u00e9cologique et technologique et permettre ainsi \u00e0 nos entrepreneurs de continuer \u00e0 cr\u00e9er des richesses et des emplois ici, dans les Bouches-du-Rh\u00f4ne \u00bb.<\/p>\n","protected":false},"excerpt":{"rendered":"La r\u00e9action de Corinne Innesti \u00e0 l\u2019intervention du Premier ministre. R\u00e9action de Corinne Innesti, pr\u00e9sidente de la Cpme&hellip;\n","protected":false},"author":2,"featured_media":344619,"comment_status":"","ping_status":"","sticky":false,"template":"","format":"standard","meta":{"footnotes":""},"categories":[2814],"tags":[1111,11,1777,674,1011,27,884,12,882,25],"class_list":{"0":"post-344618","1":"post","2":"type-post","3":"status-publish","4":"format-standard","5":"has-post-thumbnail","7":"category-marseille","8":"tag-actu","9":"tag-actualites","10":"tag-eu","11":"tag-europe","12":"tag-fr","13":"tag-france","14":"tag-marseille","15":"tag-news","16":"tag-provence-alpes-cote-dazur","17":"tag-republique-francaise"},"share_on_mastodon":{"url":"https:\/\/pubeurope.com\/@fr\/115093836006284582","error":""},"_links":{"self":[{"href":"https:\/\/www.europesays.com\/fr\/wp-json\/wp\/v2\/posts\/344618","targetHints":{"allow":["GET"]}}],"collection":[{"href":"https:\/\/www.europesays.com\/fr\/wp-json\/wp\/v2\/posts"}],"about":[{"href":"https:\/\/www.europesays.com\/fr\/wp-json\/wp\/v2\/types\/post"}],"author":[{"embeddable":true,"href":"https:\/\/www.europesays.com\/fr\/wp-json\/wp\/v2\/users\/2"}],"replies":[{"embeddable":true,"href":"https:\/\/www.europesays.com\/fr\/wp-json\/wp\/v2\/comments?post=344618"}],"version-history":[{"count":0,"href":"https:\/\/www.europesays.com\/fr\/wp-json\/wp\/v2\/posts\/344618\/revisions"}],"wp:featuredmedia":[{"embeddable":true,"href":"https:\/\/www.europesays.com\/fr\/wp-json\/wp\/v2\/media\/344619"}],"wp:attachment":[{"href":"https:\/\/www.europesays.com\/fr\/wp-json\/wp\/v2\/media?parent=344618"}],"wp:term":[{"taxonomy":"category","embeddable":true,"href":"https:\/\/www.europesays.com\/fr\/wp-json\/wp\/v2\/categories?post=344618"},{"taxonomy":"post_tag","embeddable":true,"href":"https:\/\/www.europesays.com\/fr\/wp-json\/wp\/v2\/tags?post=344618"}],"curies":[{"name":"wp","href":"https:\/\/api.w.org\/{rel}","templated":true}]}}