{"id":344620,"date":"2025-08-26T07:15:10","date_gmt":"2025-08-26T07:15:10","guid":{"rendered":"https:\/\/www.europesays.com\/fr\/344620\/"},"modified":"2025-08-26T07:15:10","modified_gmt":"2025-08-26T07:15:10","slug":"une-grande-vente-de-vetements-vintage-au-poids-organisee-a-lyon","status":"publish","type":"post","link":"https:\/\/www.europesays.com\/fr\/344620\/","title":{"rendered":"Une grande vente de v\u00eatements vintage au poids organis\u00e9e \u00e0 Lyon"},"content":{"rendered":"<p itemprop=\"description\"><strong>C\u2019est le bon plan de la fin des vacances.<\/strong><\/p>\n<p>La rentr\u00e9e approche et l\u2019heure est aux derniers pr\u00e9paratifs. Si vous avez pr\u00e9vu de renouveler votre garde-robe, l\u2019information qui suit pourrait vous int\u00e9resser. La friperie Grama Vintage sera de retour en cette fin de semaine \u00e0 Lyon.<\/p>\n<p>Direction le 1er arrondissement, plus pr\u00e9cis\u00e9ment le 5 rue Louis Vitet. A compter de ce vendredi et jusqu\u2019\u00e0 dimanche, une grande vente de v\u00eatements vintage au poids est organis\u00e9e avec des articles allant des ann\u00e9es 70 \u00e0 2000. Un r\u00e9assort est \u00e9galement pr\u00e9vu tout au long de l\u2019\u00e9v\u00e8nement.<\/p>\n<p>L\u2019entr\u00e9e est gratuite mais il est conseill\u00e9 de r\u00e9server un cr\u00e9neau \u00e0 respecter pour revenir et \u00e9viter la file d\u2019attente (vendredi de 12h \u00e0 19h, samedi de 11h \u00e0 19h et dimanche de 11h \u00e0 17h).<\/p>\n<p>Plus d\u2019informations <a href=\"https:\/\/www.eventbrite.fr\/o\/grama-vintage-30927973881?fbclid=IwY2xjawMZTnlleHRuA2FlbQIxMABicmlkETBGVzd3Q3oxSXB1bjdXdDZLAR6cz-SSLS_rUXb0QbkTTZMVgFUhnFpOEpa6bcpa5qfB4Dxjj_dR6uS0ZGoXLg_aem_hF2SR5H7m3bYg16kyupGyQ\" target=\"_blank\" rel=\"noopener\">ici<\/a><\/p>\n<blockquote class=\"instagram-media\" style=\"background: #FFF; border: 0; border-radius: 3px; box-shadow: 0 0 1px 0 rgba(0,0,0,0.5),0 1px 10px 0 rgba(0,0,0,0.15); margin: 1px; max-width: 540px; min-width: 326px; padding: 0; width: calc(100% - 2px);\" data-instgrm-captioned=\"\" data-instgrm-permalink=\"https:\/\/www.instagram.com\/p\/DNoAgQnNoEf\/?utm_source=ig_embed&amp;utm_campaign=loading\" data-instgrm-version=\"14\"><p>&#13;<br \/>\n&#13;\n<\/p><\/blockquote>\n<p>\t\t  <script async src=\"\/\/www.instagram.com\/embed.js\"><\/script><\/p>\n","protected":false},"excerpt":{"rendered":"C\u2019est le bon plan de la fin des vacances. La rentr\u00e9e approche et l\u2019heure est aux derniers pr\u00e9paratifs.&hellip;\n","protected":false},"author":2,"featured_media":344621,"comment_status":"","ping_status":"","sticky":false,"template":"","format":"standard","meta":{"footnotes":""},"categories":[1889],"tags":[1111,11,2813,2190,2430,1109,251,1112,2811,1777,674,118,1294,4651,1011,27,1922,1110,1114,2428,4903,4902,12,241,316,25,2812,517,800],"class_list":{"0":"post-344620","1":"post","2":"type-post","3":"status-publish","4":"format-standard","5":"has-post-thumbnail","7":"category-lyon","8":"tag-actu","9":"tag-actualites","10":"tag-article","11":"tag-asvel","12":"tag-auvergne-rhone-alpes","13":"tag-breves","14":"tag-culture","15":"tag-depeches","16":"tag-economique","17":"tag-eu","18":"tag-europe","19":"tag-faits-divers","20":"tag-femme","21":"tag-femmes","22":"tag-fr","23":"tag-france","24":"tag-info","25":"tag-informations","26":"tag-infos","27":"tag-lyon","28":"tag-lyonfemme","29":"tag-lyonfemmes","30":"tag-news","31":"tag-ol","32":"tag-politique","33":"tag-republique-francaise","34":"tag-sociale","35":"tag-sport","36":"tag-transports"},"share_on_mastodon":{"url":"https:\/\/pubeurope.com\/@fr\/115093839844941306","error":""},"_links":{"self":[{"href":"https:\/\/www.europesays.com\/fr\/wp-json\/wp\/v2\/posts\/344620","targetHints":{"allow":["GET"]}}],"collection":[{"href":"https:\/\/www.europesays.com\/fr\/wp-json\/wp\/v2\/posts"}],"about":[{"href":"https:\/\/www.europesays.com\/fr\/wp-json\/wp\/v2\/types\/post"}],"author":[{"embeddable":true,"href":"https:\/\/www.europesays.com\/fr\/wp-json\/wp\/v2\/users\/2"}],"replies":[{"embeddable":true,"href":"https:\/\/www.europesays.com\/fr\/wp-json\/wp\/v2\/comments?post=344620"}],"version-history":[{"count":0,"href":"https:\/\/www.europesays.com\/fr\/wp-json\/wp\/v2\/posts\/344620\/revisions"}],"wp:featuredmedia":[{"embeddable":true,"href":"https:\/\/www.europesays.com\/fr\/wp-json\/wp\/v2\/media\/344621"}],"wp:attachment":[{"href":"https:\/\/www.europesays.com\/fr\/wp-json\/wp\/v2\/media?parent=344620"}],"wp:term":[{"taxonomy":"category","embeddable":true,"href":"https:\/\/www.europesays.com\/fr\/wp-json\/wp\/v2\/categories?post=344620"},{"taxonomy":"post_tag","embeddable":true,"href":"https:\/\/www.europesays.com\/fr\/wp-json\/wp\/v2\/tags?post=344620"}],"curies":[{"name":"wp","href":"https:\/\/api.w.org\/{rel}","templated":true}]}}