{"id":344625,"date":"2025-08-26T07:18:17","date_gmt":"2025-08-26T07:18:17","guid":{"rendered":"https:\/\/www.europesays.com\/fr\/344625\/"},"modified":"2025-08-26T07:18:17","modified_gmt":"2025-08-26T07:18:17","slug":"les-fce-78-determinees-a-faire-grandir-leur-reseau","status":"publish","type":"post","link":"https:\/\/www.europesays.com\/fr\/344625\/","title":{"rendered":"Les FCE 78 d\u00e9termin\u00e9es \u00e0 faire grandir leur r\u00e9seau"},"content":{"rendered":"<p>Comme l\u2019explique<strong> Anne-Laure Bernaert<\/strong>, pr\u00e9sidente de <strong>Femmes Chefs d\u2019Entreprises des Yvelines<\/strong> (FCE 78) et dirigeante de <strong>CapSud Performance<\/strong>, un cabinet de conseil en pilotage des performances op\u00e9rationnelles financi\u00e8res et soci\u00e9tales, les FCE ont pour mission de promouvoir <a href=\"https:\/\/mesinfos.fr\/ile-de-france\/volet-femmes-bpifrance-une-dynamique-entrepreneuriale-constante-194640.html\" rel=\"noopener\" target=\"_blank\">l\u2019entrepreneuriat f\u00e9minin<\/a> et de renforcer la prise de <strong>responsabilit\u00e9 des femmes dans l\u2019\u00e9conomie<\/strong>. Autour de valeurs fortes comme la solidarit\u00e9, le partage d\u2019exp\u00e9rience et le soutien mutuel, ces dirigeantes organisent des <strong>conf\u00e9rences<\/strong>, des <strong>visites d\u2019entreprises<\/strong> et des <strong>\u00e9changes<\/strong>.\u00a0 <\/p>\n<p>Pour Anne-Laure Bernaert, accueillir de nouvelles recrues permettra aux FCE 78 de soutenir davantage de <a href=\"https:\/\/mesinfos.fr\/ile-de-france\/creatrices-d-avenir-l-entrepreneuriat-au-feminin-valorise-217461.html\" rel=\"noopener\" target=\"_blank\">projets entrepreneuriaux f\u00e9minins<\/a>, d\u2019attirer plus de conf\u00e9renciers inspirants et d\u2019organiser des \u00e9v\u00e9nements plus nombreux pour porter les valeurs de l\u2019association vers de nouveaux horizons. \u201cNous accueillons des <strong>femmes actionnaires de TPE \/ PME locales<\/strong>, des <strong>professions lib\u00e9rales <\/strong>et m\u00eame des <strong>cadres dirigeantes de grosses entreprises<\/strong>\u201d, souligne-t-elle. <\/p>\n<p class=\"interview\">Pourriez-vous rappeler le contexte du r\u00e9seau et de la cr\u00e9ation des FCE 78 ? <\/p>\n<p>Anne-Laure Bernaert : L\u2019association des Femmes chefs d\u2019entreprises (FCE) a \u00e9t\u00e9 fond\u00e9e en 1945 par Yvonne Edmond Foinant pour cr\u00e9er une synergie d\u2019entraide des dirigeantes, avec comme devise : \u201cSeules nous sommes invisibles, Ensemble nous sommes invincibles\u201d.\u00a0<\/p>\n<p> <img decoding=\"async\" alt=\"\" class=\"img-align-center img-size-limited\" data-zoomable=\"\" height=\"898\" loading=\"lazy\" src=\"https:\/\/www.europesays.com\/fr\/wp-content\/uploads\/2025\/08\/anne-laure-bernaert-presidente-des-fce-78.jpg\" width=\"800\"\/> <\/p>\n<p>Anne-Laure Bernaert, pr\u00e9sidente des FCE 78 &#8211; \u00a9 Sophie Alibert, Identit\u00e9s visuelles &amp; cr\u00e9ation de contenus <\/p>\n<p>Concernant la d\u00e9l\u00e9gation des Yvelines, il y en avait d\u00e9j\u00e0 eu une il y a quelques d\u00e9cennies, mais elle avait disparu. Nous l\u2019avons relanc\u00e9e fin 2019, avec V\u00e9ronique Plessier-Chauveau d\u2019Eul\u00e9os, Anne-Christine Ayed d&rsquo;AOC Innovation, et moi-m\u00eame. Cela s\u2019est jou\u00e9 juste avant la crise du Covid, une p\u00e9riode difficile pour toutes, mais nous nous sommes adapt\u00e9es et avons tenu le cap ! Nous le voyons \u00e0 chaque \u00e9v\u00e9nement, notre r\u00e9seau se d\u00e9veloppe justement gr\u00e2ce aux contacts qu\u2019il apporte, aux sujets d\u2019int\u00e9r\u00eat que nous abordons et par l\u2019esprit ouvert et convivial.\u00a0 <\/p>\n<p class=\"interview\">Quelle est la raison d\u2019\u00eatre du r\u00e9seau ? <\/p>\n<p>Notre objectif est de soutenir le d\u00e9veloppement des dirigeantes sur le plan professionnel mais aussi personnel, tout en rompant l\u2019isolement souvent ressenti par les femmes chefs d\u2019entreprise. Nous souhaitons aussi faire progresser la place des femmes dans les instances de d\u00e9cision, notamment via la prise de mandats. C\u2019est un point que nous allons d\u00e9velopper encore davantage cette ann\u00e9e. Nous ne sommes pas une association f\u00e9ministe, mais nous d\u00e9fendons les femmes chefs d\u2019entreprises, parce que la soci\u00e9t\u00e9 fran\u00e7aise est encore quelque peu ancr\u00e9e dans le patriarcat. Les femmes savent tr\u00e8s bien g\u00e9rer et d\u00e9fendre leurs entreprises, mais elles subissent encore trop souvent des freins pour obtenir des financements ou une visibilit\u00e9 de leurs projets. Et parfois elles n\u2019osent pas se mettre en avant et s\u2019auto-limitent. Ensemble nous sommes plus fortes, nous \u00e9changeons des informations utiles, des solutions, nous nous motivons et cette \u00e9nergie communicative fait du bien \u00e0 toutes !\u00a0<\/p>\n<p>Notre r\u00e9seau tient aussi gr\u00e2ce \u00e0 un bureau efficace qui se d\u00e9m\u00e8ne pour proposer les sujets attrayants et utiles pour am\u00e9liorer nos business et mieux anticiper. Je remercie donc ici particuli\u00e8rement Beate Boodoo de CG Circle, Alix de Villiers de Accompagnement Cr\u00e9atif, Christine Vasse de la Savonnerie Royale, Barbara Poncin, agent Axa pr\u00e9voyance et patrimoine, et Annie Boost de Alo\u00e9 Conseil, avec lesquelles nous faisons un travail remarquable.\u00a0 <\/p>\n<p class=\"interview\">Quels types d\u2019activit\u00e9s proposez-vous \u00e0 vos membres\u202f? <\/p>\n<p>Nous organisons des ateliers mensuels en fin de journ\u00e9e sur des sujets sp\u00e9cifiques\u202f: conf\u00e9rences-d\u00e9bats, pr\u00e9sentations sectorielles, sessions de formation, ou animations de d\u00e9veloppement personnel. Les ateliers de cod\u00e9veloppement anim\u00e9s par des coachs certifi\u00e9s, prennent aussi une place importante. En petits groupes, une participante partage une probl\u00e9matique concr\u00e8te, et les autres l\u2019aident \u00e0 explorer des solutions \u00e0 mettre en \u0153uvre.\u00a0 <\/p>\n<p>Nous proposons \u00e9galement des visites d\u2019entreprise, comme en f\u00e9vrier dernier celle de l\u2019Acad\u00e9mie Scientifique de Beaut\u00e9 \u00e0 Sartrouville, l\u2019un des fleurons de l\u2019industrie cosm\u00e9tique dans les Yvelines, avec une int\u00e9gration verticale depuis la R&amp;D jusqu\u2019\u00e0 la commercialisation, en passant par la production et la distribution. Nous avions pour guide Jennifer Weinfeld, l\u2019une de nos membres qui est directrice commerciale et marketing de cette soci\u00e9t\u00e9 familiale. Cette visite a remport\u00e9 un franc succ\u00e8s.\u00a0<\/p>\n<p>Les \u00e9v\u00e9nements alternent entre temps d\u2019apprentissage, red\u00e9couverte ou encore r\u00e9flexion. Il y a ensuite un moment de r\u00e9seautage convivial autour d\u2019un d\u00eener ou d\u2019un cocktail. Cela favorise les \u00e9changes directs et les mises en relation. Nous utilisons aussi des groupes WhatsApp pour partager des informations, des contacts utiles et des recommandations. <\/p>\n<p class=\"interview\">Les derni\u00e8res semaines ont \u00e9t\u00e9 marqu\u00e9es par une c\u00e9l\u00e9bration au niveau local ? <\/p>\n<p>Nous avons f\u00eat\u00e9 les cinq ans de notre d\u00e9l\u00e9gation lors d&rsquo;une grande soir\u00e9e au Golf de l\u2019\u00cele Fleurie sur l\u2019\u00cele des Impressionnistes \u00e0 Chatou\/Carri\u00e8res-sur-Seine, qui a r\u00e9uni une cinquantaine de personnes, dont Carole Gratzmuller, pr\u00e9sidente FCE France, des pr\u00e9sidentes et membres d\u2019autres d\u00e9l\u00e9gations d\u2019\u00cele-de-France, ainsi que plusieurs personnalit\u00e9s locales, dont Marie Lebec, d\u00e9put\u00e9e de la circonscription, Guillaume Cairou, pr\u00e9sident de la CCI Versailles-Yvelines, et Thierry Tr\u00e9valinet, pr\u00e9sident du MEDEF 78.\u00a0 <\/p>\n<p>A cette occasion, nous avions organis\u00e9 un \u2018photolab\u2019 avec Sophie Alibert qui fait de la cr\u00e9ation de contenus et travaille l\u2019identit\u00e9 visuelle. Elle aime aussi capter la personnalit\u00e9 par la photo et chaque participante a re\u00e7u son portrait en cadeau ! <\/p>\n<p> <img decoding=\"async\" alt=\"\" class=\"img-align-center img-size-limited\" data-zoomable=\"\" height=\"1200\" loading=\"lazy\" src=\"https:\/\/www.europesays.com\/fr\/wp-content\/uploads\/2025\/08\/photo-fce-78-1.jpg\" width=\"1600\"\/> \u00a9 DR &#8211; Marie Lebec, d\u00e9put\u00e9e des Yvelines, et Guillaume Cairou, pr\u00e9sident de la CCI Versailles-Yvelines (au centre), \u00e9taient notamment pr\u00e9sents lors de la c\u00e9l\u00e9bration des cinq ans.\u00a0 <\/p>\n<p>Cet \u00e9v\u00e9nement \u00e9tait important pour rappeler qui nous sommes et ce pour quoi nous agissons. Surtout dans la p\u00e9riode actuelle, qui est perturb\u00e9e tant du point de vue national qu\u2019international.\u00a0 <\/p>\n<p>Nous traversons actuellement une p\u00e9riode de ralentissement de l\u2019activit\u00e9, marqu\u00e9e par l\u2019attentisme face \u00e0 l\u2019incertitude \u00e9conomique. Dans ces moments, le r\u00e9seau est encore plus indispensable et devient un vrai soutien. Il permet de s\u2019entraider, de s\u2019encourager \u00e0 continuer d\u2019entreprendre, d\u2019oser malgr\u00e9 les doutes, et de partager des pistes et contacts utiles. Savoir que l\u2019on n\u2019est pas seul et pouvoir compter sur la solidarit\u00e9 du groupe, c\u2019est essentiel. <\/p>\n<p>C\u2019est pour cela que notre association a activement soutenu la d\u00e9l\u00e9gation FCE de Nouvelle-Cal\u00e9donie l\u2019an pass\u00e9 et encore aujourd\u2019hui. Des FCE ont vu leurs locaux saccag\u00e9s, leurs stocks pill\u00e9s et leurs personnels violent\u00e9s. Une cellule psychologique a \u00e9t\u00e9 mise en place ainsi qu\u2019un soutien financier. Mais la reconstruction va \u00eatre longue.\u00a0 <\/p>\n<p class=\"interview\">Quelles sont vos relations avec les autres r\u00e9seaux et partenaires ? <\/p>\n<p>Notre d\u00e9l\u00e9gation fait partie de FCE France, ce qui nous relie \u00e0 un vaste r\u00e9seau national et international avec FCE Monde. Nous avons des partenariats avec la Fondation MMA, Infogreffe, la Banque de France, BNP Paribas ou encore l\u2019association 100 000 Entrepreneurs qui t\u00e9moigne aupr\u00e8s des jeunes et les encourage \u00e0 entreprendre.\u00a0<\/p>\n<p>Nous participons \u00e0 des \u00e9v\u00e9nements nationaux et \u00e0 des rencontres internationales (Maroc l\u2019an pass\u00e9, Gr\u00e8ce en novembre prochain). <\/p>\n<p>Dans les Yvelines, nous coop\u00e9rons depuis plusieurs ann\u00e9es avec d\u2019autres r\u00e9seaux f\u00e9minins avec lesquels nous organisons de temps \u00e0 autre des actions communes. D\u2019ailleurs Guillaume Cairou est conscient de cette compl\u00e9mentarit\u00e9 : il a nomm\u00e9 notre ancienne pr\u00e9sidente V\u00e9ronique Plessier-Chauveau, \u00e9lue de la CCI Yvelines, pour coordonner les r\u00e9seaux d\u00e9di\u00e9s \u00e0 l\u2019entrepreneuriat au f\u00e9minin. Ensemble, nous avons organis\u00e9 un programme sur plusieurs mois pour accompagner les dirigeantes dans la prise en main de l\u2019intelligence artificielle. <\/p>\n<p class=\"interview\">Comment voyez-vous l\u2019avenir du r\u00e9seau ? <\/p>\n<p>Je crois que les r\u00e9seaux se d\u00e9velopperont toujours parce que l\u2019humain est au c\u0153ur de nos entreprises. La communication, le soutien, l\u2019inspiration sont absolument n\u00e9cessaires pour les diriger du mieux possible. Notre r\u00e9seau a l\u2019avantage d\u2019\u00eatre local, national et international et c\u2019est ce qui fait sa force.\u00a0<\/p>\n<p> <img decoding=\"async\" alt=\"\" class=\"img-align-center img-size-limited\" data-zoomable=\"\" height=\"1262\" loading=\"lazy\" src=\"https:\/\/www.europesays.com\/fr\/wp-content\/uploads\/2025\/08\/photo-fce-78-3.jpg\" width=\"2000\"\/> \u00a9 DR &#8211; Les FCE 78 appellent de nouvelles dirigeantes \u00e0 les rejoindre pour faire grandir le r\u00e9seau.\u00a0 <\/p>\n<p>Nous accueillons des profils vari\u00e9s, parce que c\u2019est aussi cette diversit\u00e9 qui fait aussi notre richesse. Nous souhaitons nous d\u00e9velopper en int\u00e9grant plus de PME et ETI, des cadres de grands groupes et plus de professions lib\u00e9rales qui travaillent au quotidien avec les entreprises. Nous privil\u00e9gions des nouveaux secteurs d\u2019activit\u00e9s et surtout des profils motiv\u00e9s, positifs, qui souhaitent participer activement. Nous invitons nos membres \u00e0 participer aux actions organis\u00e9es par FCE France et FCE Monde.\u00a0<\/p>\n<p class=\"interview\">Au niveau national, justement, un \u00e9v\u00e9nement est pr\u00e9vu ? <\/p>\n<p>Plusieurs m\u00eame. Nous participons \u00e0 la REF : Rencontre des Entrepreneurs de France (REF) les 27 et 28 aout prochain \u00e0 Rolland Garros. Venez nous rencontrer sur le stand 81.\u00a0 <\/p>\n<p>Puis nous c\u00e9l\u00e9brons nos 80 ans lors d\u2019un colloque qui s\u2019annonce exceptionnel le 9 octobre prochain sur le th\u00e8me \u201cde pionni\u00e8res \u00e0 visionnaires\u201d. Il y aura notamment des tables rondes sur l\u2019entreprise du futur avec des intervenants tr\u00e8s inspirants.\u00a0 <\/p>\n<p>Participer \u00e0 de tels \u00e9v\u00e9nements est une vraie bouff\u00e9e de force et d\u2019\u00e9nergie. On en ressort reboost\u00e9es et cela rejaillit sur nos entreprises, nos r\u00e9seaux et nos actions.\u00a0 <\/p>\n<p>Au niveau local, nous donnons rendez-vous \u00e0 toutes celles qui souhaitent d\u00e9couvrir notre r\u00e9seau lors de notre soir\u00e9e Portes Ouvertes, organis\u00e9e le 9 septembre soir. RV sur notre page LinkedIn FCE Yvelines pour plus de d\u00e9tails. <\/p>\n<p>\u00a0<\/p>\n<p>\u00a0<\/p>\n","protected":false},"excerpt":{"rendered":"Comme l\u2019explique Anne-Laure Bernaert, pr\u00e9sidente de Femmes Chefs d\u2019Entreprises des Yvelines (FCE 78) et dirigeante de CapSud Performance,&hellip;\n","protected":false},"author":2,"featured_media":344626,"comment_status":"","ping_status":"","sticky":false,"template":"","format":"standard","meta":{"footnotes":""},"categories":[1592],"tags":[1111,11,2855,313,1777,674,1011,27,662,12,626,25],"class_list":{"0":"post-344625","1":"post","2":"type-post","3":"status-publish","4":"format-standard","5":"has-post-thumbnail","7":"category-ile-de-france","8":"tag-actu","9":"tag-actualites","10":"tag-entrepreneuriat","11":"tag-entreprises","12":"tag-eu","13":"tag-europe","14":"tag-fr","15":"tag-france","16":"tag-ile-de-france","17":"tag-news","18":"tag-paris","19":"tag-republique-francaise"},"share_on_mastodon":{"url":"https:\/\/pubeurope.com\/@fr\/115093851788941145","error":""},"_links":{"self":[{"href":"https:\/\/www.europesays.com\/fr\/wp-json\/wp\/v2\/posts\/344625","targetHints":{"allow":["GET"]}}],"collection":[{"href":"https:\/\/www.europesays.com\/fr\/wp-json\/wp\/v2\/posts"}],"about":[{"href":"https:\/\/www.europesays.com\/fr\/wp-json\/wp\/v2\/types\/post"}],"author":[{"embeddable":true,"href":"https:\/\/www.europesays.com\/fr\/wp-json\/wp\/v2\/users\/2"}],"replies":[{"embeddable":true,"href":"https:\/\/www.europesays.com\/fr\/wp-json\/wp\/v2\/comments?post=344625"}],"version-history":[{"count":0,"href":"https:\/\/www.europesays.com\/fr\/wp-json\/wp\/v2\/posts\/344625\/revisions"}],"wp:featuredmedia":[{"embeddable":true,"href":"https:\/\/www.europesays.com\/fr\/wp-json\/wp\/v2\/media\/344626"}],"wp:attachment":[{"href":"https:\/\/www.europesays.com\/fr\/wp-json\/wp\/v2\/media?parent=344625"}],"wp:term":[{"taxonomy":"category","embeddable":true,"href":"https:\/\/www.europesays.com\/fr\/wp-json\/wp\/v2\/categories?post=344625"},{"taxonomy":"post_tag","embeddable":true,"href":"https:\/\/www.europesays.com\/fr\/wp-json\/wp\/v2\/tags?post=344625"}],"curies":[{"name":"wp","href":"https:\/\/api.w.org\/{rel}","templated":true}]}}