{"id":34463,"date":"2025-04-18T16:25:16","date_gmt":"2025-04-18T16:25:16","guid":{"rendered":"https:\/\/www.europesays.com\/fr\/34463\/"},"modified":"2025-04-18T16:25:16","modified_gmt":"2025-04-18T16:25:16","slug":"herve-polesi-a-demissionne-de-son-mandat-de-conseiller-municipal","status":"publish","type":"post","link":"https:\/\/www.europesays.com\/fr\/34463\/","title":{"rendered":"Herv\u00e9 Polesi a d\u00e9missionn\u00e9 de son mandat de conseiller municipal"},"content":{"rendered":"<p class=\"wp-block-post-excerpt__excerpt\">Le conseiller municipal Herv\u00e9 Polesi a remis sa d\u00e9mission de son mandat de conseiller municipal \u00e0 la maire de Strasbourg. Elle l\u2019avait demand\u00e9e apr\u00e8s que l\u2019\u00e9lu a \u00e9t\u00e9 mis en cause dans plusieurs affaires de violences sexistes et sexuelles. <\/p>\n<p class=\"font-sans\">\n\t\t\tCet article est en acc\u00e8s libre. Pour soutenir Rue89 Strasbourg,<br \/>\n\t\t\t<a class=\"underline\" href=\"https:\/\/www.rue89strasbourg.com\/abonnement\" target=\"_blank\" rel=\"noopener\">abonnez-vous<\/a>.\n\t\t<\/p>\n<p>Pierre France<\/p>\n<p>Publi\u00e9 le 17 avril 2025\u00a0\u00a0\u00b7\u00a0\u00a0<\/p>\n<p>Imprim\u00e9 le 18 avril 2025 \u00e0 17h55\u00a0\u00a0\u00b7\u00a0\u00a0<\/p>\n<p>\t\t\t\t\t1\u00a0minute\n<\/p>\n<p>Apr\u00e8s avoir perdu sa <a href=\"https:\/\/www.rue89strasbourg.com\/jeanne-barseghian-deux-nouveaux-adjoints-311947\" target=\"_blank\" rel=\"noreferrer noopener\">fonction d\u2019adjoint en septembre 2024<\/a>, puis sa d\u00e9l\u00e9gation aux g\u00e9n\u00e9rations futures en mars, Herv\u00e9 Polesi a remis \u00e0 la maire de Strasbourg sa d\u00e9mission du conseil municipal mercredi 16 avril. Jeanne Barseghian l\u2019avait demand\u00e9e le 23 mars, apr\u00e8s qu\u2019une s\u00e9rie de t\u00e9moignages a mis en cause Herv\u00e9 Polesi pour des violences sexistes et sexuelles \u00e0 la Ville de Strasbourg et \u00e0 l\u2019Universit\u00e9 de Strasbourg. Ce dernier <a href=\"https:\/\/www.rue89strasbourg.com\/affaire-polesi-victime-elue-demission-338130\" target=\"_blank\" rel=\"noreferrer noopener\">avait accept\u00e9 de d\u00e9missionner<\/a>, tout en contestant les accusations dont il est l\u2019objet.<\/p>\n<p>Des signalements de violences sexistes et sexuelles concernant Herv\u00e9 Polesi, alors adjoint \u00e0 la maire de Strasbourg, ont conduit \u00e0 sa d\u00e9mission ce mercredi 16 avril. Une enqu\u00eate a \u00e9t\u00e9 ouverte en parall\u00e8le par le parquet de Strasbourg.<\/p>\n<p>Du c\u00f4t\u00e9 des \u00c9cologistes, on se f\u00e9licite du d\u00e9part de cet \u00e9lu encombrant pour la majorit\u00e9 bien que des signalements soient <a href=\"https:\/\/www.rue89strasbourg.com\/jeanne-barseghian-alertes-comportements-sexistes-336985\" target=\"_blank\" rel=\"noreferrer noopener\">remont\u00e9s aupr\u00e8s de Jeanne Barseghian d\u00e8s 2023<\/a>. L\u2019opposition municipale a accus\u00e9 la municipalit\u00e9 d\u2019avoir longtemps couvert l\u2019\u00e9lu, ce que la maire a r\u00e9fut\u00e9 en pr\u00e9cisant qu\u2019elle n\u2019\u00e9tait pas au courant des accusations \u00e0 l\u2019universit\u00e9, o\u00f9 Herv\u00e9 Polesi est ma\u00eetre de conf\u00e9rence, ni des propos tenus envers une \u00e9lue du conseil municipal. <\/p>\n<p>Du c\u00f4t\u00e9 de la justice, une enqu\u00eate est ouverte par le parquet de Strasbourg \u00e0 partir de ces signalements.<\/p>\n","protected":false},"excerpt":{"rendered":"Le conseiller municipal Herv\u00e9 Polesi a remis sa d\u00e9mission de son mandat de conseiller municipal \u00e0 la maire&hellip;\n","protected":false},"author":2,"featured_media":34464,"comment_status":"","ping_status":"","sticky":false,"template":"","format":"standard","meta":{"footnotes":""},"categories":[2820],"tags":[1111,11,1984,1777,674,1011,27,775,12,25,640,304],"class_list":{"0":"post-34463","1":"post","2":"type-post","3":"status-publish","4":"format-standard","5":"has-post-thumbnail","7":"category-strasbourg","8":"tag-actu","9":"tag-actualites","10":"tag-conseil-municipal","11":"tag-eu","12":"tag-europe","13":"tag-fr","14":"tag-france","15":"tag-grand-est","16":"tag-news","17":"tag-republique-francaise","18":"tag-strasbourg","19":"tag-violences-sexistes-et-sexuelles"},"share_on_mastodon":{"url":"https:\/\/pubeurope.com\/@fr\/114359902243695575","error":""},"_links":{"self":[{"href":"https:\/\/www.europesays.com\/fr\/wp-json\/wp\/v2\/posts\/34463","targetHints":{"allow":["GET"]}}],"collection":[{"href":"https:\/\/www.europesays.com\/fr\/wp-json\/wp\/v2\/posts"}],"about":[{"href":"https:\/\/www.europesays.com\/fr\/wp-json\/wp\/v2\/types\/post"}],"author":[{"embeddable":true,"href":"https:\/\/www.europesays.com\/fr\/wp-json\/wp\/v2\/users\/2"}],"replies":[{"embeddable":true,"href":"https:\/\/www.europesays.com\/fr\/wp-json\/wp\/v2\/comments?post=34463"}],"version-history":[{"count":0,"href":"https:\/\/www.europesays.com\/fr\/wp-json\/wp\/v2\/posts\/34463\/revisions"}],"wp:featuredmedia":[{"embeddable":true,"href":"https:\/\/www.europesays.com\/fr\/wp-json\/wp\/v2\/media\/34464"}],"wp:attachment":[{"href":"https:\/\/www.europesays.com\/fr\/wp-json\/wp\/v2\/media?parent=34463"}],"wp:term":[{"taxonomy":"category","embeddable":true,"href":"https:\/\/www.europesays.com\/fr\/wp-json\/wp\/v2\/categories?post=34463"},{"taxonomy":"post_tag","embeddable":true,"href":"https:\/\/www.europesays.com\/fr\/wp-json\/wp\/v2\/tags?post=34463"}],"curies":[{"name":"wp","href":"https:\/\/api.w.org\/{rel}","templated":true}]}}