{"id":344637,"date":"2025-08-26T07:25:20","date_gmt":"2025-08-26T07:25:20","guid":{"rendered":"https:\/\/www.europesays.com\/fr\/344637\/"},"modified":"2025-08-26T07:25:20","modified_gmt":"2025-08-26T07:25:20","slug":"donald-trump-estime-que-beaucoup-damericains-aimeraient-avoir-un-dictateur","status":"publish","type":"post","link":"https:\/\/www.europesays.com\/fr\/344637\/","title":{"rendered":"Donald Trump estime que beaucoup d&rsquo;Am\u00e9ricains \u00ab\u00a0aimeraient avoir un dictateur\u00a0\u00bb"},"content":{"rendered":"\n<p class=\"c-chapo \">\n  \u00ab\u00a0Je ne suis pas un dictateur\u00a0\u00bb, a affirm\u00e9 lundi le dirigeant populiste, accus\u00e9 de d\u00e9rive autoritaire par ses opposants pour ses politiques en mati\u00e8re d&rsquo;immigration et de s\u00e9curit\u00e9.\n<\/p>\n<p>            lire plus tard<\/p>\n<p id=\"dialog__title\" class=\"dialog__title\">Pour sauvegarder cet article, connectez-vous ou cr\u00e9ez un compte franceinfo<\/p>\n<p class=\"dialog__description\">Sans paiement. Sans abonnement.<\/p>\n<p>        Fermer la fen\u00eatre d\u2019activation des notifications France Info<\/p>\n<p>            cr\u00e9er votre compte<\/p>\n<p>            se connecter<\/p>\n<p>        Fermer la fen\u00eatre de pr\u00e9sentation<\/p>\n<p>    <img loading=\"lazy\" decoding=\"async\" class=\"signature__image lazyload\" width=\"100\" height=\"100\" data- alt=\"\" src=\"https:\/\/www.europesays.com\/fr\/wp-content\/uploads\/2025\/05\/64a68815cd1a7_placeholder-36b69ec8.png\"\/><\/p>\n<p>    Publi\u00e9 le 26\/08\/2025 08:19<\/p>\n<p>      Mis \u00e0 jour le 26\/08\/2025 08:19<\/p>\n<p>        Temps de lecture : 1min<\/p>\n<p>    <img decoding=\"async\"  alt=\"Le pr\u00e9sident am\u00e9ricain, Donald Trump, dans le Bureau ovale de la Maison blanche \u00e0 Washington (Etats-Unis), le 22 ao\u00fbt 2025. (CHIP SOMODEVILLA \/ GETTY IMAGES NORTH AMERICA \/ AFP)\" width=\"432\" height=\"243\" src=\"https:\/\/www.europesays.com\/fr\/wp-content\/uploads\/2025\/08\/063-2231525759-68ad51cc0f9e6580527717.jpg\" fetchpriority=\"high\"\/><\/p>\n<p>      Le pr\u00e9sident am\u00e9ricain, Donald Trump, dans le Bureau ovale de la Maison blanche \u00e0 Washington (Etats-Unis), le 22 ao\u00fbt 2025. (CHIP SOMODEVILLA \/ GETTY IMAGES NORTH AMERICA \/ AFP)<\/p>\n<p>Le pr\u00e9sident am\u00e9ricain, Donald Trump, a jug\u00e9 lundi 25\u00a0ao\u00fbt que beaucoup d&rsquo;Am\u00e9ricains \u00ab\u00a0aimeraient avoir un dictateur\u00a0\u00bb, lors d&rsquo;une conf\u00e9rence de presse improvis\u00e9e et prolong\u00e9e dans le Bureau ovale de la Maison Blanche. \u00ab\u00a0Beaucoup de gens disent\u00a0: &lsquo;peut-\u00eatre que nous aimerions avoir un dictateur&rsquo;. Je n&rsquo;aime pas les dictateurs. Je ne suis pas un dictateur. Je suis un homme dou\u00e9 de beaucoup de bon sens et intelligent\u00a0\u00bb, a d\u00e9clar\u00e9 le dirigeant populiste, accus\u00e9 de d\u00e9rive autoritaire par ses opposants pour <a href=\"https:\/\/www.franceinfo.fr\/monde\/usa\/presidentielle\/donald-trump\/ca-depasse-le-cadre-du-raisonnable-comment-l-administration-trump-contourne-le-droit-de-l-immigration-aux-etats-unis_7192554.html\" rel=\"nofollow noopener\" target=\"_blank\">ses politiques en mati\u00e8re d&rsquo;immigration et de s\u00e9curit\u00e9<\/a>.\u00a0<\/p>\n<p>\u00ab\u00a0Vous envoyez l&rsquo;arm\u00e9e et, au lieu de vous f\u00e9liciter, ils vous accusent de prendre d&rsquo;assaut la r\u00e9publique\u00a0\u00bb, a-t-il d\u00e9clar\u00e9, en r\u00e9f\u00e9rence \u00e0 sa d\u00e9cision d&rsquo;<a href=\"https:\/\/www.franceinfo.fr\/monde\/usa\/presidentielle\/donald-trump\/la-garde-nationale-americaine-deployee-a-washington-commence-a-porter-des-armes_7453504.html\" rel=\"nofollow noopener\" target=\"_blank\">envoyer la garde nationale dans les rues de Washington<\/a> pour des op\u00e9rations de maintien de l&rsquo;ordre.<\/p>\n<p>Lors de cette conf\u00e9rence de presse, le r\u00e9publicain s&rsquo;en est de nouveau pris \u00e0 ses adversaires politiques, plus particuli\u00e8rement aux d\u00e9mocrates pressentis pour \u00eatre candidats \u00e0 l&rsquo;\u00e9lection pr\u00e9sidentielle de 2028. Il a en particulier trait\u00e9 de \u00ab\u00a0sagouin\u00a0\u00bb le gouverneur d\u00e9mocrate de l&rsquo;Illinois, J.B. Pritzker, qui a r\u00e9cemment qualifi\u00e9 le pr\u00e9sident populiste de\u00a0\u00ab\u00a0dictateur\u00a0\u00bb.\u00a0\u00ab\u00a0Donald Trump veut utiliser l&rsquo;arm\u00e9e pour occuper une ville am\u00e9ricaine, punir ses dissidents et marquer des points politiquement. Si cela arrivait dans n&rsquo;importe quel autre pays, nous n&rsquo;aurions aucun mal \u00e0 appeler \u00e7a une dangereuse prise de pouvoir\u00a0\u00bb, a martel\u00e9 lundi J.B. Pritzker.\u00a0<\/p>\n","protected":false},"excerpt":{"rendered":"\u00ab\u00a0Je ne suis pas un dictateur\u00a0\u00bb, a affirm\u00e9 lundi le dirigeant populiste, accus\u00e9 de d\u00e9rive autoritaire par ses&hellip;\n","protected":false},"author":2,"featured_media":344638,"comment_status":"","ping_status":"","sticky":false,"template":"","format":"standard","meta":{"footnotes":""},"categories":[1589],"tags":[11,73,1866,12,1864,1865,1863,308],"class_list":{"0":"post-344637","1":"post","2":"type-post","3":"status-publish","4":"format-standard","5":"has-post-thumbnail","7":"category-etats-unis","8":"tag-actualites","9":"tag-etats-unis","10":"tag-etats-unis-damerique","11":"tag-news","12":"tag-united-states","13":"tag-united-states-of-america","14":"tag-us","15":"tag-usa"},"share_on_mastodon":{"url":"https:\/\/pubeurope.com\/@fr\/115093879203769686","error":""},"_links":{"self":[{"href":"https:\/\/www.europesays.com\/fr\/wp-json\/wp\/v2\/posts\/344637","targetHints":{"allow":["GET"]}}],"collection":[{"href":"https:\/\/www.europesays.com\/fr\/wp-json\/wp\/v2\/posts"}],"about":[{"href":"https:\/\/www.europesays.com\/fr\/wp-json\/wp\/v2\/types\/post"}],"author":[{"embeddable":true,"href":"https:\/\/www.europesays.com\/fr\/wp-json\/wp\/v2\/users\/2"}],"replies":[{"embeddable":true,"href":"https:\/\/www.europesays.com\/fr\/wp-json\/wp\/v2\/comments?post=344637"}],"version-history":[{"count":0,"href":"https:\/\/www.europesays.com\/fr\/wp-json\/wp\/v2\/posts\/344637\/revisions"}],"wp:featuredmedia":[{"embeddable":true,"href":"https:\/\/www.europesays.com\/fr\/wp-json\/wp\/v2\/media\/344638"}],"wp:attachment":[{"href":"https:\/\/www.europesays.com\/fr\/wp-json\/wp\/v2\/media?parent=344637"}],"wp:term":[{"taxonomy":"category","embeddable":true,"href":"https:\/\/www.europesays.com\/fr\/wp-json\/wp\/v2\/categories?post=344637"},{"taxonomy":"post_tag","embeddable":true,"href":"https:\/\/www.europesays.com\/fr\/wp-json\/wp\/v2\/tags?post=344637"}],"curies":[{"name":"wp","href":"https:\/\/api.w.org\/{rel}","templated":true}]}}