{"id":34465,"date":"2025-04-18T16:26:39","date_gmt":"2025-04-18T16:26:39","guid":{"rendered":"https:\/\/www.europesays.com\/fr\/34465\/"},"modified":"2025-04-18T16:26:39","modified_gmt":"2025-04-18T16:26:39","slug":"des-familles-sans-abri-logees-dans-des-tiny-houses-par-la-ville-de-strasbourg","status":"publish","type":"post","link":"https:\/\/www.europesays.com\/fr\/34465\/","title":{"rendered":"Des familles sans abri log\u00e9es dans des tiny houses par la Ville de Strasbourg"},"content":{"rendered":"<p>Les premi\u00e8res familles sans abri ont pu s\u2019installer mercredi 9\u00a0avril 2025 dans les tiny houses mises \u00e0 disposition par la mairie de Strasbourg, rapporte  <a href=\"https:\/\/france3-regions.francetvinfo.fr\/grand-est\/bas-rhin\/strasbourg-0\/des-familles-a-la-rue-hebergees-dans-des-tiny-houses-le-terrain-etait-vide-il-a-une-utilite-maintenant-3138751.html\" target=\"_blank\" rel=\"noopener\">France 3\u00a0Grand-Est<\/a> . En novembre\u00a02024, la municipalit\u00e9 avait vot\u00e9 l\u2019attribution d\u2019un m\u00e9c\u00e9nat dans <a href=\"https:\/\/maubeuge.maville.com\/actu\/actudet_-pour-heberger-des-familles-sans-abri-la-ville-de-strasbourg-investit-dans-des-tiny-houses-_54135-6545264_actu.Htm\" target=\"_self\" rel=\"noopener\">la construction de cinq \u00e0 sept micromaisons<\/a> pour offrir un h\u00e9bergement temporaire \u00e0 des familles sans abri dont les enfants sont scolaris\u00e9s dans la ville.<\/p>\n<p>Les petites maisons en bois rectangulaires de 25\u00a0m2 ont \u00e9t\u00e9 install\u00e9es sur un terrain vide dans le quartier de la Robertsau. Les cl\u00e9s ont \u00e9t\u00e9 remises officiellement aux 18\u00a0premiers habitants par la maire \u00e9cologiste de Strasbourg, Jeanne Barseghian, lundi 14\u00a0avril, indique  <a href=\"https:\/\/www.dna.fr\/politique\/2025\/04\/15\/apres-des-mois-a-la-rue-les-premiers-residents-des-tiny-houses-commencent-leur-nouvelle-vie-a-la-robertsau\" target=\"_blank\" rel=\"noopener\">Les Derni\u00e8res Nouvelles d\u2019Alsace<\/a> . <strong>\u00ab\u00a0Ces petites maisons accueillent aujourd\u2019hui des familles dont les enfants sont scolaris\u00e9s. Elles offrent plus qu\u2019un abri\u00a0: un temps pour souffler, pour se reconstruire\u00a0\u00bb<\/strong>, a comment\u00e9 l\u2019\u00e9lue sur Facebook.<\/p>\n<\/p>\n<p>Cinq familles h\u00e9berg\u00e9es<\/p>\n<p>Cette installation permet \u00e0 cinq familles originaires d\u2019Europe de l\u2019Est et d\u2019Afrique de retrouver du calme, du chaud, et un peu de confort apr\u00e8s des mois pass\u00e9s dans la rue. Trois de ces familles accueillies sont des ressortissants g\u00e9orgiens. L\u2019un d\u2019entre eux, Temuri, se f\u00e9licite de cette installation. <strong>\u00ab\u00a0Avant, on dormait dans la rue, et maintenant, nous avons ces maisons<\/strong>, confie-t-il \u00e0 France 3.<strong> Nous avons un contrat d\u2019un mois et apr\u00e8s, c\u2019est renouvelable tous les trois mois, pour ma famille, c\u2019est bien.\u00a0\u00bb<\/strong> Avec sa famille, il va partager un espace dans lequel se trouvent deux chambres. L\u2019une d\u2019entre elles sera partag\u00e9e par ses deux enfants.<\/p>\n<p>Ce projet de tiny houses avait suscit\u00e9 un vif d\u00e9bat en novembre\u00a02024 au moment de son vote en conseil municipal. Une partie des habitants du quartier de la Robertsau avait constitu\u00e9 un collectif pour s\u2019y opposer. Le co\u00fbt total du projet est de 400\u00a0000\u00a0\u20ac, dont 330\u00a0000\u00a0\u20ac provenant de la municipalit\u00e9. Le reste est financ\u00e9 par le groupe immobilier KS.<\/p>\n<p>\u00a0<\/p>\n","protected":false},"excerpt":{"rendered":"Les premi\u00e8res familles sans abri ont pu s\u2019installer mercredi 9\u00a0avril 2025 dans les tiny houses mises \u00e0 disposition&hellip;\n","protected":false},"author":2,"featured_media":34466,"comment_status":"","ping_status":"","sticky":false,"template":"","format":"standard","meta":{"footnotes":""},"categories":[2820],"tags":[11266,1111,11,1777,674,11265,1011,27,775,10016,11267,12,25,3728,640,11268,4824],"class_list":{"0":"post-34465","1":"post","2":"type-post","3":"status-publish","4":"format-standard","5":"has-post-thumbnail","7":"category-strasbourg","8":"tag-abri","9":"tag-actu","10":"tag-actualites","11":"tag-eu","12":"tag-europe","13":"tag-familles","14":"tag-fr","15":"tag-france","16":"tag-grand-est","17":"tag-houses","18":"tag-logees","19":"tag-news","20":"tag-republique-francaise","21":"tag-saint-malo","22":"tag-strasbourg","23":"tag-tiny","24":"tag-ville"},"share_on_mastodon":{"url":"https:\/\/pubeurope.com\/@fr\/114359906012428272","error":""},"_links":{"self":[{"href":"https:\/\/www.europesays.com\/fr\/wp-json\/wp\/v2\/posts\/34465","targetHints":{"allow":["GET"]}}],"collection":[{"href":"https:\/\/www.europesays.com\/fr\/wp-json\/wp\/v2\/posts"}],"about":[{"href":"https:\/\/www.europesays.com\/fr\/wp-json\/wp\/v2\/types\/post"}],"author":[{"embeddable":true,"href":"https:\/\/www.europesays.com\/fr\/wp-json\/wp\/v2\/users\/2"}],"replies":[{"embeddable":true,"href":"https:\/\/www.europesays.com\/fr\/wp-json\/wp\/v2\/comments?post=34465"}],"version-history":[{"count":0,"href":"https:\/\/www.europesays.com\/fr\/wp-json\/wp\/v2\/posts\/34465\/revisions"}],"wp:featuredmedia":[{"embeddable":true,"href":"https:\/\/www.europesays.com\/fr\/wp-json\/wp\/v2\/media\/34466"}],"wp:attachment":[{"href":"https:\/\/www.europesays.com\/fr\/wp-json\/wp\/v2\/media?parent=34465"}],"wp:term":[{"taxonomy":"category","embeddable":true,"href":"https:\/\/www.europesays.com\/fr\/wp-json\/wp\/v2\/categories?post=34465"},{"taxonomy":"post_tag","embeddable":true,"href":"https:\/\/www.europesays.com\/fr\/wp-json\/wp\/v2\/tags?post=34465"}],"curies":[{"name":"wp","href":"https:\/\/api.w.org\/{rel}","templated":true}]}}