{"id":344654,"date":"2025-08-26T07:34:13","date_gmt":"2025-08-26T07:34:13","guid":{"rendered":"https:\/\/www.europesays.com\/fr\/344654\/"},"modified":"2025-08-26T07:34:13","modified_gmt":"2025-08-26T07:34:13","slug":"la-saison-de-lalterna-stade-poitevin-est-lancee","status":"publish","type":"post","link":"https:\/\/www.europesays.com\/fr\/344654\/","title":{"rendered":"la saison de l\u2019Alterna Stade Poitevin est lanc\u00e9e"},"content":{"rendered":"<p>Le rendez-vous \u00e9tait fix\u00e9 \u00e0 9\u00a0h, ce lundi matin, salle Lawson-Body. Mais certains volleyeurs de l\u2019Alterna Stade Poitevin \u00e9taient apparemment press\u00e9s de reprendre et de lancer la saison 2025-2026. \u00c0 commencer par Franco Massimino, arriv\u00e9 avec une vingtaine de minutes d\u2019avance sur l\u2019horaire officiel, pr\u00e9c\u00e9dant de quelques minutes Tom Picard et le convalescent Anatole Chaboissant venu avec\u00a0Tanguy Le Meur, son ancien co\u00e9quipier \u00e0 Nantes-Rez\u00e9 actuellement sans club&#8230;. <\/p>\n<p>    Cet article a \u00e9t\u00e9 tronqu\u00e9. Abonnez-vous pour lire l&rsquo;article complet sur notre site.<\/p>\n<p style=\"margin: 0 !important; padding: 0 !important; font-size: 12px !important;\">Cet article a \u00e9t\u00e9 tronqu\u00e9. Abonnez-vous pour lire l&rsquo;article complet.<\/p>\n<p>    <a href=\"https:\/\/www.lanouvellerepublique.fr\/abonnements\" style=\"display: inline-block; margin-top: 5px !important; padding: 6px 12px !important; background: #cb1c27; color: white; text-decoration: none; border-radius: 4px; font-size: 12px !important;\" rel=\"nofollow noopener\" target=\"_blank\"><br \/>\n      S&rsquo;abonner<br \/>\n    <\/a><\/p>\n","protected":false},"excerpt":{"rendered":"Le rendez-vous \u00e9tait fix\u00e9 \u00e0 9\u00a0h, ce lundi matin, salle Lawson-Body. Mais certains volleyeurs de l\u2019Alterna Stade Poitevin&hellip;\n","protected":false},"author":2,"featured_media":344655,"comment_status":"","ping_status":"","sticky":false,"template":"","format":"standard","meta":{"footnotes":""},"categories":[1417],"tags":[1392,1654,1011,27,1655,1653,60,1584,1470,1469],"class_list":{"0":"post-344654","1":"post","2":"type-post","3":"status-publish","4":"format-standard","5":"has-post-thumbnail","7":"category-volley","8":"tag-a-la-une-local","9":"tag-alterna-stade-poitevin-volley-ball","10":"tag-fr","11":"tag-france","12":"tag-ligue-a","13":"tag-poitiers","14":"tag-sports","15":"tag-vienne","16":"tag-volley","17":"tag-volleyball"},"share_on_mastodon":{"url":"https:\/\/pubeurope.com\/@fr\/115093914553104997","error":""},"_links":{"self":[{"href":"https:\/\/www.europesays.com\/fr\/wp-json\/wp\/v2\/posts\/344654","targetHints":{"allow":["GET"]}}],"collection":[{"href":"https:\/\/www.europesays.com\/fr\/wp-json\/wp\/v2\/posts"}],"about":[{"href":"https:\/\/www.europesays.com\/fr\/wp-json\/wp\/v2\/types\/post"}],"author":[{"embeddable":true,"href":"https:\/\/www.europesays.com\/fr\/wp-json\/wp\/v2\/users\/2"}],"replies":[{"embeddable":true,"href":"https:\/\/www.europesays.com\/fr\/wp-json\/wp\/v2\/comments?post=344654"}],"version-history":[{"count":0,"href":"https:\/\/www.europesays.com\/fr\/wp-json\/wp\/v2\/posts\/344654\/revisions"}],"wp:featuredmedia":[{"embeddable":true,"href":"https:\/\/www.europesays.com\/fr\/wp-json\/wp\/v2\/media\/344655"}],"wp:attachment":[{"href":"https:\/\/www.europesays.com\/fr\/wp-json\/wp\/v2\/media?parent=344654"}],"wp:term":[{"taxonomy":"category","embeddable":true,"href":"https:\/\/www.europesays.com\/fr\/wp-json\/wp\/v2\/categories?post=344654"},{"taxonomy":"post_tag","embeddable":true,"href":"https:\/\/www.europesays.com\/fr\/wp-json\/wp\/v2\/tags?post=344654"}],"curies":[{"name":"wp","href":"https:\/\/api.w.org\/{rel}","templated":true}]}}