{"id":344660,"date":"2025-08-26T07:38:21","date_gmt":"2025-08-26T07:38:21","guid":{"rendered":"https:\/\/www.europesays.com\/fr\/344660\/"},"modified":"2025-08-26T07:38:21","modified_gmt":"2025-08-26T07:38:21","slug":"marc-marquez-lemporte-dans-le-dernier-tour-au","status":"publish","type":"post","link":"https:\/\/www.europesays.com\/fr\/344660\/","title":{"rendered":"Marc M\u00e1rquez l&#8217;emporte dans le dernier tour au (&#8230;)"},"content":{"rendered":"<p>Malgr\u00e9 un d\u00e9but de course prudent, Marc M\u00e1rquez (Ducati) s\u2019impose sous la pluie dans la course sprint du Grand Prix d\u2019Allemagne 2025 sur le trac\u00e9 du Sachsenring. Au guidon de l\u2019Aprilia RS-GP, Marco Bezzecchi termine deuxi\u00e8me tandis que Fabio Quartararo (Yamaha) compl\u00e8te le podium. Deuxi\u00e8me sur la grille, Johann Zarco (LCR Honda) se classe finalement septi\u00e8me.<\/p>\n","protected":false},"excerpt":{"rendered":"Malgr\u00e9 un d\u00e9but de course prudent, Marc M\u00e1rquez (Ducati) s\u2019impose sous la pluie dans la course sprint du&hellip;\n","protected":false},"author":2,"featured_media":344661,"comment_status":"","ping_status":"","sticky":false,"template":"","format":"standard","meta":{"footnotes":""},"categories":[1413],"tags":[17,10094,672,1011,27,1982,22586,1457,10096,1456,1458,10095,11653,36255,60,14040,11651],"class_list":{"0":"post-344660","1":"post","2":"type-post","3":"status-publish","4":"format-standard","5":"has-post-thumbnail","7":"category-moto","8":"tag-17","9":"tag-actu-moto","10":"tag-allemagne","11":"tag-fr","12":"tag-france","13":"tag-grand-prix","14":"tag-marquez","15":"tag-moto","16":"tag-moto-magazine","17":"tag-motocycle","18":"tag-motogp","19":"tag-motomag","20":"tag-quartararo","21":"tag-sachsenring","22":"tag-sports","23":"tag-sprint","24":"tag-zarco"},"share_on_mastodon":{"url":"https:\/\/pubeurope.com\/@fr\/115093930307630474","error":""},"_links":{"self":[{"href":"https:\/\/www.europesays.com\/fr\/wp-json\/wp\/v2\/posts\/344660","targetHints":{"allow":["GET"]}}],"collection":[{"href":"https:\/\/www.europesays.com\/fr\/wp-json\/wp\/v2\/posts"}],"about":[{"href":"https:\/\/www.europesays.com\/fr\/wp-json\/wp\/v2\/types\/post"}],"author":[{"embeddable":true,"href":"https:\/\/www.europesays.com\/fr\/wp-json\/wp\/v2\/users\/2"}],"replies":[{"embeddable":true,"href":"https:\/\/www.europesays.com\/fr\/wp-json\/wp\/v2\/comments?post=344660"}],"version-history":[{"count":0,"href":"https:\/\/www.europesays.com\/fr\/wp-json\/wp\/v2\/posts\/344660\/revisions"}],"wp:featuredmedia":[{"embeddable":true,"href":"https:\/\/www.europesays.com\/fr\/wp-json\/wp\/v2\/media\/344661"}],"wp:attachment":[{"href":"https:\/\/www.europesays.com\/fr\/wp-json\/wp\/v2\/media?parent=344660"}],"wp:term":[{"taxonomy":"category","embeddable":true,"href":"https:\/\/www.europesays.com\/fr\/wp-json\/wp\/v2\/categories?post=344660"},{"taxonomy":"post_tag","embeddable":true,"href":"https:\/\/www.europesays.com\/fr\/wp-json\/wp\/v2\/tags?post=344660"}],"curies":[{"name":"wp","href":"https:\/\/api.w.org\/{rel}","templated":true}]}}