{"id":344662,"date":"2025-08-26T07:39:11","date_gmt":"2025-08-26T07:39:11","guid":{"rendered":"https:\/\/www.europesays.com\/fr\/344662\/"},"modified":"2025-08-26T07:39:11","modified_gmt":"2025-08-26T07:39:11","slug":"cadillac-devrait-bientot-annoncer-sergio-perez","status":"publish","type":"post","link":"https:\/\/www.europesays.com\/fr\/344662\/","title":{"rendered":"Cadillac devrait bient\u00f4t annoncer Sergio P\u00e9rez"},"content":{"rendered":"<p>Alors que l&rsquo;avenir des deux baquets mis en jeu par la future 11e \u00e9curie du plateau, Cadillac, a longtemps \u00e9t\u00e9 sur toutes les l\u00e8vres, le d\u00e9nouement de ce feuilleton approche \u00e0 grands pas.<\/p>\n<p>En effet, alors que le nom de <a href=\"https:\/\/fr.motorsport.com\/driver\/valtteri-bottas\/88633\/\" target=\"_blank\" rel=\"noopener\">Valtteri Bottas<\/a> a depuis longtemps \u00e9t\u00e9 cit\u00e9 <a href=\"https:\/\/fr.motorsport.com\/f1\/news\/bottas-rapproche-retour-f1-cadillac\/10735733\/\" target=\"_self\" rel=\"noopener\">comme l&rsquo;un des grands favoris \u00e0 un retour en F1 via la structure am\u00e9ricaine<\/a>, <strong>Motorsport.com<\/strong> a appris qu&rsquo;un autre revenant exp\u00e9riment\u00e9, <a href=\"https:\/\/fr.motorsport.com\/driver\/sergio-perez\/84892\/\" target=\"_blank\" rel=\"noopener\">Sergio P\u00e9rez<\/a>, devrait \u00eatre son \u00e9quipier.<\/p>\n<p>Le Mexicain serait ainsi engag\u00e9 sur la base d&rsquo;un fameux contrat pluriannuel apr\u00e8s des mois de n\u00e9gociations. Selon nos informations, ces discussions ont d\u00e9sormais \u00e9t\u00e9 finalis\u00e9es et une annonce devrait intervenir dans les heures ou les jours \u00e0 venir.<\/p>\n<p>L&rsquo;un des points cl\u00e9s des \u00e9changes entre Cadillac et P\u00e9rez \u00e9tait justement la dur\u00e9e de l&rsquo;engagement de l&rsquo;ancien pilote <a href=\"https:\/\/fr.motorsport.com\/team\/red-bull\/553\/\" target=\"_blank\" rel=\"noopener\">Red Bull<\/a>, ce dernier ayant a priori accept\u00e9 un contrat lui assurant au au moins deux saisons avec\u00a0une troisi\u00e8me en option.<\/p>\n<p>Aujourd&rsquo;hui \u00e2g\u00e9 de 35 ans &#8211; comme Bottas, qui aura pour sa part 36 ans le 28 ao\u00fbt -, P\u00e9rez a quitt\u00e9 la Formule 1 de fa\u00e7on abrupte en fin de saison derni\u00e8re suite \u00e0 la rupture de son contrat avec l&rsquo;\u00e9curie Red Bull sur fond de performances loin des attentes.<\/p>\n<p>Si le line-up avec Bottas est confirm\u00e9, il s&rsquo;agirait d&rsquo;une double prise de choix pour Cadillac qui se retrouverait avec deux pilotes tr\u00e8s exp\u00e9riment\u00e9s, qui ont connu des \u00e9curies de pointe championnes du monde et ont remport\u00e9 plusieurs victoires, le Finlandais en comptant dix et le Mexicain six.<\/p>\n<p>Le choix d&rsquo;un duo cumulant 527 d\u00e9parts en Grands Prix ne serait \u00e9videmment pas un hasard pour Graeme Lowdon, le directeur de Cadillac, alors que son \u00e9quipe abordera l&rsquo;immense d\u00e9fi que va constituer le fait de d\u00e9barquer en discipline reine en partant de z\u00e9ro ou presque. Comme le reste du plateau, le constructeur fera face \u00e0 une toute nouvelle \u00e8re r\u00e9glementaire et sera accompagn\u00e9 pour ses d\u00e9buts de moteurs <a href=\"https:\/\/fr.motorsport.com\/team\/ferrari\/615\/\" target=\"_blank\" rel=\"noopener\">Ferrari<\/a>, avant de passer \u00e0 moyen terme <a href=\"https:\/\/fr.motorsport.com\/f1\/news\/creation-departement-moteur-gm-cadillac\/10687512\/\" target=\"_self\" rel=\"noopener\">\u00e0 des unit\u00e9s de puissance maison<\/a>.<\/p>\n<p style=\"text-align: right;\">Avec Luis Ramirez<\/p>\n<p>Lire aussi :<\/p>\n<p>Dans cet article<\/p>\n<p>Soyez le premier inform\u00e9 et souscrivez aux alertes mails pour recevoir les infos en temps r\u00e9el<\/p>\n<p>    S&rsquo;abonner aux alertes de news<\/p>\n","protected":false},"excerpt":{"rendered":"Alors que l&rsquo;avenir des deux baquets mis en jeu par la future 11e \u00e9curie du plateau, Cadillac, a&hellip;\n","protected":false},"author":2,"featured_media":344663,"comment_status":"","ping_status":"","sticky":false,"template":"","format":"standard","meta":{"footnotes":""},"categories":[1412],"tags":[48083,13924,1451,1452,1453,1454,1455,1011,27,16820,60,44454],"class_list":{"0":"post-344662","1":"post","2":"type-post","3":"status-publish","4":"format-standard","5":"has-post-thumbnail","7":"category-f1","8":"tag-cadillac-devrait-bientu00f4t-annoncer-sergio-pu00e9rez","9":"tag-cadillac-racing","10":"tag-f1","11":"tag-formula-1","12":"tag-formula1","13":"tag-formule-1","14":"tag-formule1","15":"tag-fr","16":"tag-france","17":"tag-sergio-pu00e9rez","18":"tag-sports","19":"tag-valtteri-bottas"},"share_on_mastodon":{"url":"https:\/\/pubeurope.com\/@fr\/115093934170616488","error":""},"_links":{"self":[{"href":"https:\/\/www.europesays.com\/fr\/wp-json\/wp\/v2\/posts\/344662","targetHints":{"allow":["GET"]}}],"collection":[{"href":"https:\/\/www.europesays.com\/fr\/wp-json\/wp\/v2\/posts"}],"about":[{"href":"https:\/\/www.europesays.com\/fr\/wp-json\/wp\/v2\/types\/post"}],"author":[{"embeddable":true,"href":"https:\/\/www.europesays.com\/fr\/wp-json\/wp\/v2\/users\/2"}],"replies":[{"embeddable":true,"href":"https:\/\/www.europesays.com\/fr\/wp-json\/wp\/v2\/comments?post=344662"}],"version-history":[{"count":0,"href":"https:\/\/www.europesays.com\/fr\/wp-json\/wp\/v2\/posts\/344662\/revisions"}],"wp:featuredmedia":[{"embeddable":true,"href":"https:\/\/www.europesays.com\/fr\/wp-json\/wp\/v2\/media\/344663"}],"wp:attachment":[{"href":"https:\/\/www.europesays.com\/fr\/wp-json\/wp\/v2\/media?parent=344662"}],"wp:term":[{"taxonomy":"category","embeddable":true,"href":"https:\/\/www.europesays.com\/fr\/wp-json\/wp\/v2\/categories?post=344662"},{"taxonomy":"post_tag","embeddable":true,"href":"https:\/\/www.europesays.com\/fr\/wp-json\/wp\/v2\/tags?post=344662"}],"curies":[{"name":"wp","href":"https:\/\/api.w.org\/{rel}","templated":true}]}}