{"id":344666,"date":"2025-08-26T07:41:10","date_gmt":"2025-08-26T07:41:10","guid":{"rendered":"https:\/\/www.europesays.com\/fr\/344666\/"},"modified":"2025-08-26T07:41:10","modified_gmt":"2025-08-26T07:41:10","slug":"psg-le-real-madrid-insiste-pour-vitinha","status":"publish","type":"post","link":"https:\/\/www.europesays.com\/fr\/344666\/","title":{"rendered":"PSG, le Real Madrid insiste pour Vitinha"},"content":{"rendered":"<p data-testid=\"article-teaser\">En qu\u00eate de renforts au milieu de terrain, le Real Madrid refuse d\u2019abandonner la piste Vitinha. <\/p>\n<p>Le Real Madrid n\u2019a pas termin\u00e9 son march\u00e9 des id\u00e9es et garde toujours un \u0153il attentif sur les talents europ\u00e9ens. Malgr\u00e9 un recrutement d\u00e9j\u00e0 spectaculaire cet \u00e9t\u00e9, un nom continue de circuler avec insistance dans les couloirs du Santiago Bernab\u00e9u : celui de Vitinha. \u00c0 la fois moteur de jeu et profil cr\u00e9atif recherch\u00e9 depuis plusieurs mois, le milieu de terrain du Paris Saint-Germain attire toutes les convoitises madril\u00e8nes.<\/p>\n","protected":false},"excerpt":{"rendered":"En qu\u00eate de renforts au milieu de terrain, le Real Madrid refuse d\u2019abandonner la piste Vitinha. Le Real&hellip;\n","protected":false},"author":2,"featured_media":344667,"comment_status":"","ping_status":"","sticky":false,"template":"","format":"standard","meta":{"footnotes":""},"categories":[1410],"tags":[63,1011,27,19317,66,41236,41702,1434,91,4790,48084,48085,60,2312,47915,28401,13296],"class_list":{"0":"post-344666","1":"post","2":"type-post","3":"status-publish","4":"format-standard","5":"has-post-thumbnail","7":"category-football","8":"tag-football","9":"tag-fr","10":"tag-france","11":"tag-laliga","12":"tag-ligue-1","13":"tag-majorque","14":"tag-mallorca","15":"tag-mercato","16":"tag-paris-saint-germain","17":"tag-real-madrid","18":"tag-real-madrid-vs-majorque","19":"tag-real-madrid-vs-mallorca","20":"tag-sports","21":"tag-toulouse","22":"tag-toulouse-vs-paris-saint-germain","23":"tag-transfers","24":"tag-vitinha"},"share_on_mastodon":{"url":"https:\/\/pubeurope.com\/@fr\/115093942059284958","error":""},"_links":{"self":[{"href":"https:\/\/www.europesays.com\/fr\/wp-json\/wp\/v2\/posts\/344666","targetHints":{"allow":["GET"]}}],"collection":[{"href":"https:\/\/www.europesays.com\/fr\/wp-json\/wp\/v2\/posts"}],"about":[{"href":"https:\/\/www.europesays.com\/fr\/wp-json\/wp\/v2\/types\/post"}],"author":[{"embeddable":true,"href":"https:\/\/www.europesays.com\/fr\/wp-json\/wp\/v2\/users\/2"}],"replies":[{"embeddable":true,"href":"https:\/\/www.europesays.com\/fr\/wp-json\/wp\/v2\/comments?post=344666"}],"version-history":[{"count":0,"href":"https:\/\/www.europesays.com\/fr\/wp-json\/wp\/v2\/posts\/344666\/revisions"}],"wp:featuredmedia":[{"embeddable":true,"href":"https:\/\/www.europesays.com\/fr\/wp-json\/wp\/v2\/media\/344667"}],"wp:attachment":[{"href":"https:\/\/www.europesays.com\/fr\/wp-json\/wp\/v2\/media?parent=344666"}],"wp:term":[{"taxonomy":"category","embeddable":true,"href":"https:\/\/www.europesays.com\/fr\/wp-json\/wp\/v2\/categories?post=344666"},{"taxonomy":"post_tag","embeddable":true,"href":"https:\/\/www.europesays.com\/fr\/wp-json\/wp\/v2\/tags?post=344666"}],"curies":[{"name":"wp","href":"https:\/\/api.w.org\/{rel}","templated":true}]}}