{"id":344672,"date":"2025-08-26T07:44:11","date_gmt":"2025-08-26T07:44:11","guid":{"rendered":"https:\/\/www.europesays.com\/fr\/344672\/"},"modified":"2025-08-26T07:44:11","modified_gmt":"2025-08-26T07:44:11","slug":"causons-livres-mediatheque-le-jardin-de-lecture-st-aignan-de-grandlieu-saint-aignan-de-grand-lieu-4-octobre-2025","status":"publish","type":"post","link":"https:\/\/www.europesays.com\/fr\/344672\/","title":{"rendered":"Causons livres ! M\u00e9diath\u00e8que Le jardin de Lecture \u2013 St-Aignan de Grandlieu Saint-Aignan de Grand Lieu 4 octobre 2025"},"content":{"rendered":"\n<p>\t<img loading=\"lazy\" width=\"700\" height=\"525\" src=\"https:\/\/www.europesays.com\/fr\/wp-content\/uploads\/2025\/08\/mediatheque-le-jardin-de-lecture-st-aignan-de-grandlieu-saint-aignan-de-grand-lieu-2025-10-04.jpg\" class=\"attachment-full size-full wp-post-image lazy\" alt=\"Causons livres ! M\u00e9diath\u00e8que Le jardin de Lecture - St-Aignan de Grandlieu\" decoding=\"async\"  data-\/><br \/>\n\t\t<strong>Causons livres ! M\u00e9diath\u00e8que Le jardin de Lecture \u2013 St-Aignan de Grandlieu Saint-Aignan de Grand Lieu samedi 4 octobre 2025.<\/strong> <\/p>\n<p>Date et horaire de d\u00e9but et de fin : 2025-10-04 10:30 \u2013<br \/>Gratuit : oui Entr\u00e9e libre, r\u00e9servation conseill\u00e9e\u00a0Adulte, Senior\u00a0<\/p>\n<p>Causons livres ! C\u2019est un nouveau rendez-vous propos\u00e9 par la m\u00e9diath\u00e8que \u00a0\u00bb Le Jardin de Lecture \u00a0\u00bb pour les mordus de litt\u00e9rature, mais \u00e9galement pour les personnes novices, d\u00e9sireuses d\u2019en apprendre plus sur le monde secret des histoires.Rendez-vous le samedi 4 octobre \u00e0 10h30. Un rendez-vous pour \u00e9changer en toute simplicit\u00e9 et libert\u00e9, autour des livres coups de c\u0153ur de la m\u00e9diath\u00e8que, des incontournables et derni\u00e8res p\u00e9pites de l\u2019ann\u00e9e._________________________________________ INFORMATIONS PRATIQUESSamedi 4 octobre \u00e0 10h30Public ado\/adulteGratuitR\u00e9servation conseill\u00e9e au 02 40 26 44 55 ou par mail \u00e0 mediatheque@sagl.frM\u00e9diath\u00e8que Le Jardin de Lecture<\/p>\n<p>M\u00e9diath\u00e8que Le jardin de Lecture \u2013 St-Aignan de Grandlieu   Saint-Aignan de Grand Lieu\u00a044860<br \/>02 40 26 44 55 https:\/\/mediatheque.saint-aignan-grandlieu.fr\/ mediatheque@sagl.fr 0240264455 http:\/\/www.saint-aignan-grandlieu.fr<\/p>\n","protected":false},"excerpt":{"rendered":"Causons livres ! M\u00e9diath\u00e8que Le jardin de Lecture \u2013 St-Aignan de Grandlieu Saint-Aignan de Grand Lieu samedi 4&hellip;\n","protected":false},"author":2,"featured_media":344673,"comment_status":"","ping_status":"","sticky":false,"template":"","format":"standard","meta":{"footnotes":""},"categories":[1357],"tags":[1379,58,59,1011,27,1380],"class_list":{"0":"post-344672","1":"post","2":"type-post","3":"status-publish","4":"format-standard","5":"has-post-thumbnail","7":"category-livres","8":"tag-books","9":"tag-divertissement","10":"tag-entertainment","11":"tag-fr","12":"tag-france","13":"tag-livres"},"share_on_mastodon":{"url":"https:\/\/pubeurope.com\/@fr\/115093953947999485","error":""},"_links":{"self":[{"href":"https:\/\/www.europesays.com\/fr\/wp-json\/wp\/v2\/posts\/344672","targetHints":{"allow":["GET"]}}],"collection":[{"href":"https:\/\/www.europesays.com\/fr\/wp-json\/wp\/v2\/posts"}],"about":[{"href":"https:\/\/www.europesays.com\/fr\/wp-json\/wp\/v2\/types\/post"}],"author":[{"embeddable":true,"href":"https:\/\/www.europesays.com\/fr\/wp-json\/wp\/v2\/users\/2"}],"replies":[{"embeddable":true,"href":"https:\/\/www.europesays.com\/fr\/wp-json\/wp\/v2\/comments?post=344672"}],"version-history":[{"count":0,"href":"https:\/\/www.europesays.com\/fr\/wp-json\/wp\/v2\/posts\/344672\/revisions"}],"wp:featuredmedia":[{"embeddable":true,"href":"https:\/\/www.europesays.com\/fr\/wp-json\/wp\/v2\/media\/344673"}],"wp:attachment":[{"href":"https:\/\/www.europesays.com\/fr\/wp-json\/wp\/v2\/media?parent=344672"}],"wp:term":[{"taxonomy":"category","embeddable":true,"href":"https:\/\/www.europesays.com\/fr\/wp-json\/wp\/v2\/categories?post=344672"},{"taxonomy":"post_tag","embeddable":true,"href":"https:\/\/www.europesays.com\/fr\/wp-json\/wp\/v2\/tags?post=344672"}],"curies":[{"name":"wp","href":"https:\/\/api.w.org\/{rel}","templated":true}]}}