{"id":344674,"date":"2025-08-26T07:45:17","date_gmt":"2025-08-26T07:45:17","guid":{"rendered":"https:\/\/www.europesays.com\/fr\/344674\/"},"modified":"2025-08-26T07:45:17","modified_gmt":"2025-08-26T07:45:17","slug":"karine-le-marchand-etonnee-par-le-speed-dating-de-gilles","status":"publish","type":"post","link":"https:\/\/www.europesays.com\/fr\/344674\/","title":{"rendered":"Karine Le Marchand \u00e9tonn\u00e9e par le speed-dating de Gilles"},"content":{"rendered":"<p>M6 a d\u00e9marr\u00e9 la diffusion de la vingti\u00e8me saison de L&rsquo;amour est dans le pr\u00e9, ce lundi 25 ao\u00fbt 2025. Certains agriculteurs ont donc pu rencontrer leurs pr\u00e9tendants et pr\u00e9tendantes lors des speed-datings. Gilles a quant \u00e0 lui eu un rendez-vous galant&#8230; qui a surpris Karine Le Marchand ! T\u00e9l\u00e9-Loisirs vous en dit plus.<\/p>\n<p>Avis aux fans de l&rsquo;\u00e9mission et aux amoureux de l&rsquo;amour, <a href=\"https:\/\/www.programme-tv.net\/news\/tv\/366741-l-amour-est-dans-le-pre-2025-portraits-des-futurs-candidats-tournage-ce-que-l-on-sait-sur-la-saison-20\/\" data-api-deeplink=\"teleloisirs:\/\/news\/366741\" target=\"_blank\" rel=\"noopener\">L&rsquo;amour est dans le pr\u00e9<\/a> est enfin de retour sur M6 ! Ce lundi 25 ao\u00fbt 2025, la cha\u00eene a diffus\u00e9 <a href=\"https:\/\/www.programme-tv.net\/news\/tv\/385783-vous-etes-celibataire-karine-le-marchand-l-amour-est-dans-le-pre-fait-une-remarque-surprenante-lors-des-premiers-speed-datings-de-la-saison-20\/\" data-api-deeplink=\"teleloisirs:\/\/news\/385783\" target=\"_blank\" rel=\"noopener\">le premier \u00e9pisode de la saison 20<\/a> du programme de dating champ\u00eatre avec <a href=\"https:\/\/www.programme-tv.net\/news\/tv\/385781-je-crois-que-je-vais-pleurer-jean-louis-l-amour-est-dans-le-pre-2025-face-a-un-geste-touchant-de-sa-pretendante-sophie-pendant-le-speed-dating\/\" data-api-deeplink=\"teleloisirs:\/\/news\/385781\" target=\"_blank\" rel=\"noopener\">les tr\u00e8s attendus speed-datings<\/a>. Cette \u00e9tape marque le d\u00e9but de l&rsquo;aventure et permet aux agriculteurs de d\u00e9couvrir en dix minutes les pr\u00e9tendants et pr\u00e9tendantes dont ils ont appr\u00e9ci\u00e9 les courriers. Lors de cette premi\u00e8re salve, <a href=\"https:\/\/www.programme-tv.net\/news\/tv\/369963-je-me-suis-tout-le-temps-fait-larguer-gilles-l-amour-est-dans-le-pre-2025-a-enchaine-trois-ruptures-pour-la-meme-raison\/\" data-api-deeplink=\"teleloisirs:\/\/news\/369963\" target=\"_blank\" rel=\"noopener\">Gilles, un c\u00e9r\u00e9alier et collecteur de lait de presque 60 ans<\/a>,<a href=\"https:\/\/www.programme-tv.net\/news\/tv\/369963-je-me-suis-tout-le-temps-fait-larguer-gilles-l-amour-est-dans-le-pre-2025-a-enchaine-trois-ruptures-pour-la-meme-raison\/\" data-api-deeplink=\"teleloisirs:\/\/news\/369963\" target=\"_blank\" rel=\"noopener\"> <\/a>a eu la chance de rencontrer plusieurs femmes. Et chacune avait sa technique bien \u00e0 elle pour esp\u00e9rer s\u00e9duire le grand Normand !<\/p>\n<p>L&rsquo;amour est dans le pr\u00e9 2025 : une pr\u00e9tendante r\u00e9serve une surprise \u00e0 Gilles lors du speed-dating<\/p>\n<p>Tandis qu&rsquo;il avait d\u00e9j\u00e0 rencontr\u00e9 un bon nombre de pr\u00e9tendantes, Gilles a eu le bonheur de voir arriver L\u00e9a, une auxiliaire de pu\u00e9riculture parisienne. Et d\u00e8s l&rsquo;\u00e9change de cadeaux, le ton du rendez-vous \u00e9tait donn\u00e9. Des \u00ab\u00a0stimulants\u00a0\u00bb \u00e0 base de gingembre ont \u00e9t\u00e9 apport\u00e9s par la pr\u00e9tendante. Mais ce n&rsquo;est pas tout, car elle avait une surprise bien plus sensuelle pour ce fan de danse. Sur un air de Fanny J,<b> les deux participants ont dans\u00e9 un zouk coll\u00e9 serr\u00e9 <\/b>pour le plus grand bonheur de Karine Le Marchand ! \u00ab\u00a0On n&rsquo;a jamais eu \u00e7a dans L&rsquo;amour est dans le pr\u00e9\u00a0\u00bb, a l\u00e2ch\u00e9 l&rsquo;animatrice.<\/p>\n<p>                        \u00ab\u00a0L<b>es images les plus hard ne passeront pas \u00e0 la t\u00e9l\u00e9\u00a0\u00bb<\/b> : Gilles (L&rsquo;amour est dans le pr\u00e9 20) troubl\u00e9 par un zouk avec L\u00e9a lors du speed-dating<\/p>\n<p>Apr\u00e8s ce moment intime, reprendre la conversation n&rsquo;\u00e9tait pas simple pour le p\u00e8re de trois filles. \u00ab\u00a0<b>Il fait chaud, j&rsquo;ai de la bu\u00e9e sur les lunettes<\/b>, on en \u00e9tait o\u00f9 car je suis perturb\u00e9\u00a0\u00bb, glisse-t-il \u00e0 L\u00e9a. \u00ab\u00a0Et encore, <b>les images les plus hard ne passeront pas \u00e0 la t\u00e9l\u00e9<\/b>\u00ab\u00a0, a-t-il gliss\u00e9 \u00e0 nos confr\u00e8res du <a href=\"https:\/\/www.leparisien.fr\/culture-loisirs\/tv\/cetait-chaud-gilles-candidat-de-lamour-est-dans-le-pre-raconte-les-coulisses-du-premier-episode-25-08-2025-C5QV527IQ5ACPNKLVHENZMMVHM.php\" target=\"_blank\" rel=\"noopener\">Parisien<\/a> en pr\u00e9cisant : \u00ab\u00a0J&rsquo;avais une sciatique et, dans ce moment-l\u00e0, je souffre et je danse en m\u00eame temps. Et j&rsquo;ai mal aux genoux, je ne pouvais pas faire toutes les positions. Malheureusement, je n&rsquo;ai plus 20 ans&#8230;\u00a0\u00bb.<\/p>\n<p>\u00ab\u00a0<b>Je ne sais pas si c&rsquo;est le d\u00e9hanch\u00e9 mais \u00e7a fait quelque chose le contact<\/b>\u00ab\u00a0, livre Gilles au moment o\u00f9 L\u00e9a vient de quitter la salle. Apr\u00e8s un dernier rendez-vous avec Isabelle, un de ses gros coups de c\u0153ur <a href=\"https:\/\/www.programme-tv.net\/news\/tv\/385666-l-amour-est-dans-le-pre-ces-criteres-sur-lesquels-la-production-peut-refuser-des-courriers\/\" data-api-deeplink=\"teleloisirs:\/\/news\/385666\" target=\"_blank\" rel=\"noopener\">au moment du courrier<\/a>, le candidat a choisi d&rsquo;inviter \u00e0 la ferme les deux femmes &#8211; Pascaline et Isabelle &#8211; <a href=\"https:\/\/www.programme-tv.net\/news\/tv\/385865-une-premiere-dans-l-amour-est-dans-le-pre-gilles-annonce-qu-il-ne-va-pas-choisir-comme-d-habitude-ses-deux-pretendantes\/\" data-api-deeplink=\"teleloisirs:\/\/news\/385865\" target=\"_blank\" rel=\"noopener\">d&rsquo;une mani\u00e8re totalement in\u00e9dite<\/a>.<\/p>\n","protected":false},"excerpt":{"rendered":"M6 a d\u00e9marr\u00e9 la diffusion de la vingti\u00e8me saison de L&rsquo;amour est dans le pr\u00e9, ce lundi 25&hellip;\n","protected":false},"author":2,"featured_media":344675,"comment_status":"","ping_status":"","sticky":false,"template":"","format":"standard","meta":{"footnotes":""},"categories":[1356],"tags":[244,58,59,1011,27,48086,5413,7988,494,252,1364],"class_list":{"0":"post-344674","1":"post","2":"type-post","3":"status-publish","4":"format-standard","5":"has-post-thumbnail","7":"category-television","8":"tag-commentaire","9":"tag-divertissement","10":"tag-entertainment","11":"tag-fr","12":"tag-france","13":"tag-gilles-lamour-est-dans-le-pru00e9-20","14":"tag-karine-le-marchand","15":"tag-lamour-est-dans-le-pru00e9","16":"tag-m6","17":"tag-television","18":"tag-tv"},"share_on_mastodon":{"url":"https:\/\/pubeurope.com\/@fr\/115093958010258806","error":""},"_links":{"self":[{"href":"https:\/\/www.europesays.com\/fr\/wp-json\/wp\/v2\/posts\/344674","targetHints":{"allow":["GET"]}}],"collection":[{"href":"https:\/\/www.europesays.com\/fr\/wp-json\/wp\/v2\/posts"}],"about":[{"href":"https:\/\/www.europesays.com\/fr\/wp-json\/wp\/v2\/types\/post"}],"author":[{"embeddable":true,"href":"https:\/\/www.europesays.com\/fr\/wp-json\/wp\/v2\/users\/2"}],"replies":[{"embeddable":true,"href":"https:\/\/www.europesays.com\/fr\/wp-json\/wp\/v2\/comments?post=344674"}],"version-history":[{"count":0,"href":"https:\/\/www.europesays.com\/fr\/wp-json\/wp\/v2\/posts\/344674\/revisions"}],"wp:featuredmedia":[{"embeddable":true,"href":"https:\/\/www.europesays.com\/fr\/wp-json\/wp\/v2\/media\/344675"}],"wp:attachment":[{"href":"https:\/\/www.europesays.com\/fr\/wp-json\/wp\/v2\/media?parent=344674"}],"wp:term":[{"taxonomy":"category","embeddable":true,"href":"https:\/\/www.europesays.com\/fr\/wp-json\/wp\/v2\/categories?post=344674"},{"taxonomy":"post_tag","embeddable":true,"href":"https:\/\/www.europesays.com\/fr\/wp-json\/wp\/v2\/tags?post=344674"}],"curies":[{"name":"wp","href":"https:\/\/api.w.org\/{rel}","templated":true}]}}