{"id":344676,"date":"2025-08-26T07:46:12","date_gmt":"2025-08-26T07:46:12","guid":{"rendered":"https:\/\/www.europesays.com\/fr\/344676\/"},"modified":"2025-08-26T07:46:12","modified_gmt":"2025-08-26T07:46:12","slug":"les-rappeurs-de-kneecap-annoncent-lannulation-de-leur-tournee-americaine","status":"publish","type":"post","link":"https:\/\/www.europesays.com\/fr\/344676\/","title":{"rendered":"Les rappeurs de Kneecap annoncent l\u2019annulation de leur tourn\u00e9e am\u00e9ricaine"},"content":{"rendered":"<p>Mauvaise nouvelle pour les fans. Le trio de rappeurs nord-irlandais Kneecap, dont l\u2019un des membres est poursuivi par la justice britannique pour soutien au <a href=\"https:\/\/www.20minutes.fr\/monde\/hezbollah\/\" class=\"c-link c-link--is-underlined\" rel=\"nofollow noopener\" target=\"_blank\">Hezbollah<\/a>, a annonc\u00e9 lundi soir l\u2019annulation de sa tourn\u00e9e am\u00e9ricaine. \u00ab\u00a0En raison de la proximit\u00e9 de notre prochaine audience \u00e0 <a href=\"https:\/\/www.20minutes.fr\/dossier\/londres\" class=\"c-link c-link--is-underlined\" rel=\"nofollow noopener\" target=\"_blank\">Londres<\/a> avec la premi\u00e8re date de la tourn\u00e9e, et alors que le gouvernement britannique poursuit sa chasse aux sorci\u00e8res, nous sommes contraints d\u2019annuler les 15 dates de notre tourn\u00e9e am\u00e9ricaine pr\u00e9vue en octobre\u00a0\u00bb, a indiqu\u00e9 le groupe sur X.<\/p>\n<p>\u00ab\u00a0Mais une fois que nous aurons gagn\u00e9 notre proc\u00e8s, ce qui sera le cas, nous promettons d\u2019entamer une tourn\u00e9e encore plus importante pour tous nos fans\u00a0\u00bb, ajoute le communiqu\u00e9 publi\u00e9 sur les r\u00e9seaux sociaux. L\u2019un des trois membres du groupe, Liam O\u2019Hanna dit Mo Chara, est poursuivi pour \u00ab\u00a0infraction terroriste\u00a0\u00bb apr\u00e8s s\u2019\u00eatre couvert, lors d\u2019un concert \u00e0 Londres en\u00a02024, d\u2019un drapeau du Hezbollah. Ce mouvement islamiste libanais pro-iranien, ennemi jur\u00e9 d\u2019<a href=\"https:\/\/www.20minutes.fr\/monde\/israel\/\" class=\"c-link c-link--is-underlined\" rel=\"nofollow noopener\" target=\"_blank\">Isra\u00ebl<\/a> et soutien du <a href=\"https:\/\/www.20minutes.fr\/monde\/hamas\/\" class=\"c-link c-link--is-underlined\" rel=\"nofollow noopener\" target=\"_blank\">Hamas<\/a> palestinien, est class\u00e9 terroriste au <a href=\"https:\/\/www.20minutes.fr\/monde\/royaume-uni\/\" class=\"c-link c-link--is-underlined\" rel=\"nofollow noopener\" target=\"_blank\">Royaume-Uni<\/a>.<\/p>\n<p>Un concert parisien sous haute surveillance<\/p>\n<p>Soutenu par des centaines de partisans, Mo Chara a comparu mercredi dans la capitale britannique puis est reparti libre, la d\u00e9cision \u00e9tant ajourn\u00e9e au 26\u00a0septembre. Ces d\u00e9m\u00eal\u00e9s judiciaires n\u2019avaient jusque-l\u00e0 gu\u00e8re emp\u00each\u00e9 Kneecap de poursuivre sa tourn\u00e9e \u00e0 guichets ferm\u00e9s, comme \u00e0 Glastonbury fin juin, o\u00f9 il avait accus\u00e9 Isra\u00ebl d\u2019\u00eatre un Etat \u00ab\u00a0criminel de guerre\u00a0\u00bb.<\/p>\n<\/p>\n<p>Priv\u00e9 du festival Sziget de <a href=\"https:\/\/www.20minutes.fr\/dossier\/budapest\" class=\"c-link c-link--is-underlined\" rel=\"nofollow noopener\" target=\"_blank\">Budapest<\/a>, apr\u00e8s une interdiction d\u2019entr\u00e9e sur le territoire par le gouvernement hongrois, proche alli\u00e9 d\u2019Isra\u00ebl, Kneecap a donn\u00e9 dimanche un concert sous haute surveillance au festival <a href=\"https:\/\/www.20minutes.fr\/dossier\/rock_en_seine\" class=\"c-link c-link--is-underlined\" rel=\"nofollow noopener\" target=\"_blank\">Rock en Seine<\/a> \u00e0 Saint-Cloud (ouest de Paris), o\u00f9 il a de nouveau critiqu\u00e9 la politique isra\u00e9lienne \u00e0 Gaza. Dans ce contexte, la ville de Saint-Cloud a retir\u00e9 sa subvention de 40.000 euros au festival, une premi\u00e8re, et la r\u00e9gion <a href=\"https:\/\/www.20minutes.fr\/dossier\/ile-de-france\" class=\"c-link c-link--is-underlined\" rel=\"nofollow noopener\" target=\"_blank\">Ile-de-France<\/a> a \u00e9galement annul\u00e9 ses aides pour l\u2019\u00e9dition 2025.<\/p>\n<p>Le trio nord-irlandais a acc\u00e9d\u00e9 \u00e0 la notori\u00e9t\u00e9 en\u00a02024 avec son album \u00ab\u00a0Fine Art\u00a0\u00bb et un docu-fiction survolt\u00e9, \u00ab\u00a0Kneecap\u00a0\u00bb. Prim\u00e9 notamment au festival du film de <a href=\"https:\/\/www.20minutes.fr\/dossier\/sundance\" class=\"c-link c-link--is-underlined\" rel=\"nofollow noopener\" target=\"_blank\">Sundance<\/a>, aux <a href=\"https:\/\/www.20minutes.fr\/monde\/etats-unis\/\" class=\"c-link c-link--is-underlined\" rel=\"nofollow noopener\" target=\"_blank\">Etats-Unis<\/a>, ce film est sorti en France en juin. Fond\u00e9 en\u00a02017, Kneecap chante souvent en ga\u00e9lique et d\u00e9fend la r\u00e9unification de l\u2019Irlande. Il consid\u00e8re sa langue comme un cri \u00ab\u00a0anticolonialiste\u00a0\u00bb face \u00e0 la puissance britannique. Le nom du groupe (kneecap veut dire rotule en anglais) vient de la pratique des groupes paramilitaires qui tiraient sur leurs victimes au niveau des genoux pendant le conflit nord-irlandais.<\/p>\n","protected":false},"excerpt":{"rendered":"Mauvaise nouvelle pour les fans. Le trio de rappeurs nord-irlandais Kneecap, dont l\u2019un des membres est poursuivi par&hellip;\n","protected":false},"author":2,"featured_media":344677,"comment_status":"","ping_status":"","sticky":false,"template":"","format":"standard","meta":{"footnotes":""},"categories":[1355],"tags":[7613,3259,251,58,59,1011,27,665,3519,7295,516,1361,873,2694,473],"class_list":{"0":"post-344676","1":"post","2":"type-post","3":"status-publish","4":"format-standard","5":"has-post-thumbnail","7":"category-musique","8":"tag-conflit-au-proche-orient","9":"tag-conflit-israelo-palestinien","10":"tag-culture","11":"tag-divertissement","12":"tag-entertainment","13":"tag-fr","14":"tag-france","15":"tag-gaza","16":"tag-hamas","17":"tag-hezbollah","18":"tag-irlande","19":"tag-music","20":"tag-musique","21":"tag-proces","22":"tag-royaume-uni"},"share_on_mastodon":{"url":"https:\/\/pubeurope.com\/@fr\/115093961704032174","error":""},"_links":{"self":[{"href":"https:\/\/www.europesays.com\/fr\/wp-json\/wp\/v2\/posts\/344676","targetHints":{"allow":["GET"]}}],"collection":[{"href":"https:\/\/www.europesays.com\/fr\/wp-json\/wp\/v2\/posts"}],"about":[{"href":"https:\/\/www.europesays.com\/fr\/wp-json\/wp\/v2\/types\/post"}],"author":[{"embeddable":true,"href":"https:\/\/www.europesays.com\/fr\/wp-json\/wp\/v2\/users\/2"}],"replies":[{"embeddable":true,"href":"https:\/\/www.europesays.com\/fr\/wp-json\/wp\/v2\/comments?post=344676"}],"version-history":[{"count":0,"href":"https:\/\/www.europesays.com\/fr\/wp-json\/wp\/v2\/posts\/344676\/revisions"}],"wp:featuredmedia":[{"embeddable":true,"href":"https:\/\/www.europesays.com\/fr\/wp-json\/wp\/v2\/media\/344677"}],"wp:attachment":[{"href":"https:\/\/www.europesays.com\/fr\/wp-json\/wp\/v2\/media?parent=344676"}],"wp:term":[{"taxonomy":"category","embeddable":true,"href":"https:\/\/www.europesays.com\/fr\/wp-json\/wp\/v2\/categories?post=344676"},{"taxonomy":"post_tag","embeddable":true,"href":"https:\/\/www.europesays.com\/fr\/wp-json\/wp\/v2\/tags?post=344676"}],"curies":[{"name":"wp","href":"https:\/\/api.w.org\/{rel}","templated":true}]}}