{"id":344678,"date":"2025-08-26T07:47:11","date_gmt":"2025-08-26T07:47:11","guid":{"rendered":"https:\/\/www.europesays.com\/fr\/344678\/"},"modified":"2025-08-26T07:47:11","modified_gmt":"2025-08-26T07:47:11","slug":"lile-rouge-en-replay-france-tv","status":"publish","type":"post","link":"https:\/\/www.europesays.com\/fr\/344678\/","title":{"rendered":"L&rsquo;\u00eele rouge en replay | France TV"},"content":{"rendered":"<p>Diffus\u00e9 le 25\/08\/2025 \u00e0 23h13 &#8211; Disponible jusqu&rsquo;au 02\/09\/2025<\/p>\n<p>Dans les ann\u00e9es 70, quelques familles vivent encore \u00e0 Ivato, la derni\u00e8re base militaire fran\u00e7aise \u00e0 Madagascar, maintenue apr\u00e8s l&rsquo;ind\u00e9pendance du pays. Parmi eux, Thomas, 10 ans, d\u00e9couvre le monde. Ce fan de l&rsquo;h\u00e9ro\u00efne de romans pour enfants \u00ab\u00a0Fant\u00f4mette\u00a0\u00bb remarque la virilit\u00e9 \u00e0 l&rsquo;oeuvre dans le camp mais aussi la violence dont est parfois victime sa propre m\u00e8re. Il s&rsquo;aper\u00e7oit aussi de la diff\u00e9rence de contexte entre les blancs du camp et la population noire locale. Thomas s&rsquo;assigne alors une mission : parvenir \u00e0 cr\u00e9er un lien entre ces deux mondes.<\/p>\n<p>Maison de production :<\/p>\n<p>Centre national du cin\u00e9ma et de l&rsquo;image anim\u00e9e \/ Les Films de Pierre \/ Scope Pictures \/ France 3 Cin\u00e9ma \/ DDC \/ Memento Films Production \/ Playtime \/ Tax Shelter du Gouvernement F\u00e9d\u00e9ral Belge \/ SCOPE Invest \/ R\u00e9gion des Pays-de-la-Loire \/ R\u00e9gion Prov<\/p>\n<p>R\u00e9alis\u00e9 par :<\/p>\n<p>Robin Campillo<\/p>\n<p>Avec :<\/p>\n<p>Nadia Tereszkiewicz, Quim Guti\u00e9rrez, Charlie Vauselle, Amely Rakotoarimalala, Hugues Delamarli\u00e8re, Sophie Guillemin, David Serero, Luna Carpiaux<\/p>\n<p>Sc\u00e9naristes :<\/p>\n<p>Robin Campillo, Gilles Marchand, Jean-Luc Raharimanana<\/p>\n","protected":false},"excerpt":{"rendered":"Diffus\u00e9 le 25\/08\/2025 \u00e0 23h13 &#8211; Disponible jusqu&rsquo;au 02\/09\/2025 Dans les ann\u00e9es 70, quelques familles vivent encore \u00e0&hellip;\n","protected":false},"author":2,"featured_media":344679,"comment_status":"","ping_status":"","sticky":false,"template":"","format":"standard","meta":{"footnotes":""},"categories":[1354],"tags":[58,59,1346,1011,27,1360],"class_list":{"0":"post-344678","1":"post","2":"type-post","3":"status-publish","4":"format-standard","5":"has-post-thumbnail","7":"category-films","8":"tag-divertissement","9":"tag-entertainment","10":"tag-films","11":"tag-fr","12":"tag-france","13":"tag-movies"},"share_on_mastodon":{"url":"https:\/\/pubeurope.com\/@fr\/115093965725521511","error":""},"_links":{"self":[{"href":"https:\/\/www.europesays.com\/fr\/wp-json\/wp\/v2\/posts\/344678","targetHints":{"allow":["GET"]}}],"collection":[{"href":"https:\/\/www.europesays.com\/fr\/wp-json\/wp\/v2\/posts"}],"about":[{"href":"https:\/\/www.europesays.com\/fr\/wp-json\/wp\/v2\/types\/post"}],"author":[{"embeddable":true,"href":"https:\/\/www.europesays.com\/fr\/wp-json\/wp\/v2\/users\/2"}],"replies":[{"embeddable":true,"href":"https:\/\/www.europesays.com\/fr\/wp-json\/wp\/v2\/comments?post=344678"}],"version-history":[{"count":0,"href":"https:\/\/www.europesays.com\/fr\/wp-json\/wp\/v2\/posts\/344678\/revisions"}],"wp:featuredmedia":[{"embeddable":true,"href":"https:\/\/www.europesays.com\/fr\/wp-json\/wp\/v2\/media\/344679"}],"wp:attachment":[{"href":"https:\/\/www.europesays.com\/fr\/wp-json\/wp\/v2\/media?parent=344678"}],"wp:term":[{"taxonomy":"category","embeddable":true,"href":"https:\/\/www.europesays.com\/fr\/wp-json\/wp\/v2\/categories?post=344678"},{"taxonomy":"post_tag","embeddable":true,"href":"https:\/\/www.europesays.com\/fr\/wp-json\/wp\/v2\/tags?post=344678"}],"curies":[{"name":"wp","href":"https:\/\/api.w.org\/{rel}","templated":true}]}}