{"id":344688,"date":"2025-08-26T07:52:14","date_gmt":"2025-08-26T07:52:14","guid":{"rendered":"https:\/\/www.europesays.com\/fr\/344688\/"},"modified":"2025-08-26T07:52:14","modified_gmt":"2025-08-26T07:52:14","slug":"donald-trump-menace-de-nouveaux-droits-de-douane-les-pays-qui-discriminent-la-tech-americaine","status":"publish","type":"post","link":"https:\/\/www.europesays.com\/fr\/344688\/","title":{"rendered":"Donald Trump menace de nouveaux droits de douane les pays qui \u00abdiscriminent\u00bb la tech am\u00e9ricaine"},"content":{"rendered":"<p>Le pr\u00e9sident am\u00e9ricain d\u00e9nonce des mesures jug\u00e9es discriminatoires contre les g\u00e9ants technologiques et brandit la menace de repr\u00e9sailles commerciales.<\/p>\n<p class=\"fig-paragraph\">Donald Trump monte de nouveau au cr\u00e9neau. Le pr\u00e9sident des \u00c9tats-Unis a menac\u00e9 lundi d&rsquo;imposer de nouveaux\u00a0<a href=\"http:\/\/www.lefigaro.fr\/conjoncture\/dossier\/droits-de-douane-americains-notre-dossier-pour-tout-comprendre\" data-fig-type=\"Topic\" data-gtm-custom-categorie=\"navigation\" data-gtm-custom-action=\"crossclick\" data-gtm-custom-label=\"Contextuel\" data-gtm-event=\"customEventSPE\" data-fig-domain=\"LEFIGARO\" rel=\"nofollow noopener\" target=\"_blank\">droits de douane et des restrictions \u00e0 l&rsquo;exportation<\/a>\u00a0aux pays qui, selon lui, ciblent les entreprises technologiques am\u00e9ricaines. \u00abLes taxes ou la l\u00e9gislation sur les services num\u00e9riques, et les r\u00e9glementations sur les march\u00e9s num\u00e9riques, sont toutes con\u00e7ues pour discriminer ou nuire \u00e0 la technologie am\u00e9ricaine\u00bb, a-t-il \u00e9crit sur sa plateforme Truth Social.<\/p>\n<p class=\"fig-paragraph\">Ses commentaires semblent viser les pays europ\u00e9ens et les organisations qui ont adopt\u00e9 des lois r\u00e9glementant le web. L&rsquo;Union europ\u00e9enne, par exemple, dispose de la l\u00e9gislation sur les march\u00e9s num\u00e9riques (DMA) et de la\u00a0<a href=\"http:\/\/www.lefigaro.fr\/conjoncture\/la-nouvelle-reglementation-sur-les-services-numeriques-votee-ce-jeudi-au-parlement-europeen-20220120\" data-fig-type=\"NewsFlash\" data-gtm-custom-categorie=\"navigation\" data-gtm-custom-action=\"crossclick\" data-gtm-custom-label=\"Contextuel\" data-gtm-event=\"customEventSPE\" data-fig-domain=\"LEFIGARO\" rel=\"nofollow noopener\" target=\"_blank\">r\u00e9glementation sur les services num\u00e9riques (DSA)<\/a>, qui concernent la concurrence et la mod\u00e9ration des contenus. Le Royaume-Uni impose \u00e9galement une taxe sur les services num\u00e9riques.<\/p>\n<p>                                    <a class=\"fig-a11y-skip a11y-hidden\" href=\"#fig-a11y-skip-main-inarticle\"><br \/>\n        Passer la publicit\u00e9<br \/>\n    <\/a><\/p>\n<p>\u00abDes droits de douane suppl\u00e9mentaires substantiels\u00bb<\/p>\n<p class=\"fig-paragraph\">\u00c0 moins que ces \u00abmesures discriminatoires\u00bb ne soient supprim\u00e9es, Donald Trump n&rsquo;exclut pas d&rsquo;imposer \u00abdes droits de douane suppl\u00e9mentaires substantiels\u00bb sur les produits de ces pays ni d&rsquo;instaurer des restrictions \u00e0 l&rsquo;exportation des technologies et des puces am\u00e9ricaines.<\/p>\n<p class=\"fig-paragraph\">\u00abL&rsquo;Am\u00e9rique et les entreprises technologiques am\u00e9ricaines ne sont plus ni la \u201ctirelire\u201d ni le \u201cpaillasson\u201d du monde\u00a0\u00bb, a-t-il ajout\u00e9. En juin, Trump avait annul\u00e9 des\u00a0<a href=\"http:\/\/www.lefigaro.fr\/conjoncture\/le-canada-renonce-a-une-taxe-visant-les-geants-de-la-tech-pour-relancer-les-negociations-commerciales-avec-les-etats-unis-20250630\" data-fig-type=\"NewsFlash\" data-gtm-custom-categorie=\"navigation\" data-gtm-custom-action=\"crossclick\" data-gtm-custom-label=\"Contextuel\" data-gtm-event=\"customEventSPE\" data-fig-domain=\"LEFIGARO\" rel=\"nofollow noopener\" target=\"_blank\">n\u00e9gociations commerciales avec le Canada\u00a0<\/a>en repr\u00e9sailles \u00e0 une taxe sur les services num\u00e9riques pr\u00e9vue par Ottawa et visant des multinationales am\u00e9ricaines telles qu&rsquo;Alphabet, Amazon et Meta. Le Canada avait annonc\u00e9 peu apr\u00e8s annuler la mesure.<\/p>\n","protected":false},"excerpt":{"rendered":"Le pr\u00e9sident am\u00e9ricain d\u00e9nonce des mesures jug\u00e9es discriminatoires contre les g\u00e9ants technologiques et brandit la menace de repr\u00e9sailles&hellip;\n","protected":false},"author":2,"featured_media":344689,"comment_status":"","ping_status":"","sticky":false,"template":"","format":"standard","meta":{"footnotes":""},"categories":[6],"tags":[35,75,981,33,34,1011,27,1074],"class_list":{"0":"post-344688","1":"post","2":"type-post","3":"status-publish","4":"format-standard","5":"has-post-thumbnail","7":"category-economie","8":"tag-business","9":"tag-donald-trump","10":"tag-douane","11":"tag-economie","12":"tag-economy","13":"tag-fr","14":"tag-france","15":"tag-guerre-commerciale"},"share_on_mastodon":{"url":"https:\/\/pubeurope.com\/@fr\/115093985247537462","error":""},"_links":{"self":[{"href":"https:\/\/www.europesays.com\/fr\/wp-json\/wp\/v2\/posts\/344688","targetHints":{"allow":["GET"]}}],"collection":[{"href":"https:\/\/www.europesays.com\/fr\/wp-json\/wp\/v2\/posts"}],"about":[{"href":"https:\/\/www.europesays.com\/fr\/wp-json\/wp\/v2\/types\/post"}],"author":[{"embeddable":true,"href":"https:\/\/www.europesays.com\/fr\/wp-json\/wp\/v2\/users\/2"}],"replies":[{"embeddable":true,"href":"https:\/\/www.europesays.com\/fr\/wp-json\/wp\/v2\/comments?post=344688"}],"version-history":[{"count":0,"href":"https:\/\/www.europesays.com\/fr\/wp-json\/wp\/v2\/posts\/344688\/revisions"}],"wp:featuredmedia":[{"embeddable":true,"href":"https:\/\/www.europesays.com\/fr\/wp-json\/wp\/v2\/media\/344689"}],"wp:attachment":[{"href":"https:\/\/www.europesays.com\/fr\/wp-json\/wp\/v2\/media?parent=344688"}],"wp:term":[{"taxonomy":"category","embeddable":true,"href":"https:\/\/www.europesays.com\/fr\/wp-json\/wp\/v2\/categories?post=344688"},{"taxonomy":"post_tag","embeddable":true,"href":"https:\/\/www.europesays.com\/fr\/wp-json\/wp\/v2\/tags?post=344688"}],"curies":[{"name":"wp","href":"https:\/\/api.w.org\/{rel}","templated":true}]}}