{"id":34469,"date":"2025-04-18T16:29:25","date_gmt":"2025-04-18T16:29:25","guid":{"rendered":"https:\/\/www.europesays.com\/fr\/34469\/"},"modified":"2025-04-18T16:29:25","modified_gmt":"2025-04-18T16:29:25","slug":"vous-voulez-donner-votre-sang-ca-tombe-bien-cette-association-cherche-des-donneurs","status":"publish","type":"post","link":"https:\/\/www.europesays.com\/fr\/34469\/","title":{"rendered":"Vous voulez donner votre sang\u00a0? \u00c7a tombe bien, cette association cherche des donneurs"},"content":{"rendered":"<p>L\u2019association, le Don du sang b\u00e9n\u00e9vole \u00e0 Savenay et ses alentours, pr\u00e9sid\u00e9e par Rebecca Coste, a r\u00e9uni ses adh\u00e9rents pour dresser le bilan et honorer ses donneurs r\u00e9guliers.<\/p>\n<p>En 2024, l\u2019association dresse un constat qui peut inqui\u00e9ter, car la demande en transfusion sanguine se fait de plus en plus importante\u00a0: 1\u00a0067\u00a0dons contre 1\u00a0165\u00a0l\u2019ann\u00e9e pr\u00e9c\u00e9dente et avec malgr\u00e9 tout 85\u00a0nouveaux donneurs. \u00ab\u00a0Mais ce n\u2019est pas suffisant\u00a0\u00bb, se prononcera la pr\u00e9sidente.<\/p>\n<p><a href=\"https:\/\/saint-nazaire.maville.com\/actu\/actudet_-savenay.-une-mairie-connectee-a-portee-de-main-_8-6767286_actu.Htm?utm_source=troove&amp;utm_medium=site\" target=\"_blank\" rel=\"nofollow noopener\">+++ A LIRE AUSSI. Savenay. Une mairie connect\u00e9e \u00e0 port\u00e9e de main<\/a><\/p>\n<p>En 2025, il est pr\u00e9vu 7\u00a0nouvelles collectes\u00a0: le 31\u00a0mai \u00e0 Savenay, le 20\u00a0juin \u00e0 La Chapelle-Launay, le 26\u00a0juillet et le 20\u00a0septembre \u00e0 Savenay, le jeudi 23\u00a0octobre, lieu restant \u00e0 d\u00e9terminer, le 15\u00a0novembre \u00e0 Savenay et le 23\u00a0d\u00e9cembre \u00e0 Prinquiau.<\/p>\n<p>Pascale Derache, pr\u00e9sidente de l\u2019Union d\u00e9partementale des associations de don du sang et Rebecca Coste ont fait un focus sur le don de plasma dans le cadre du programme \u00ab\u00a0ambition Plasma\u00a0\u00bb mis en place par l\u2019EFS (\u00c9tablissement Fran\u00e7ais du Sang). \u00ab\u00a0Les efforts engag\u00e9s commencent \u00e0 porter leurs fruits car en 2024, l\u2019EFS a sign\u00e9 un record de pr\u00e9l\u00e8vements de plasma depuis ces douze derni\u00e8res ann\u00e9es et pour mener \u00e0 bien ce chantier jusqu\u2019en 2028, l\u2019EFS a lanc\u00e9 son programme Ambition plasma\u00a0\u00bb, ont-elles expliqu\u00e9.<\/p>\n<p><a href=\"https:\/\/saint-nazaire.maville.com\/actu\/actudet_-savenay.-le-troc-vert-revient-pour-une-deuxieme-edition-_8-6761953_actu.Htm?utm_source=troove&amp;utm_medium=site\" target=\"_blank\" rel=\"nofollow noopener\">+++ A LIRE AUSSI. Savenay. Le troc vert revient pour une deuxi\u00e8me \u00e9dition<\/a><\/p>\n<p>Et Rebecca Coste d\u2019ajouter\u00a0: \u00ab\u00a0on ne pr\u00e9l\u00e8ve pas de plasma en collecte mobile. Nous n\u2019avons pas l\u2019\u00e9quipement. Ce n\u2019est possible qu\u2019\u00e0 Nantes ou Saint-Nazaire. L\u2019objectif de l\u2019\u00c9tat est d\u2019augmenter nos capacit\u00e9s de collecte pour baisser la part achet\u00e9e aux Am\u00e9ricains\u00a0\u00bb.<\/p>\n<p>Des fid\u00e8les r\u00e9compens\u00e9s<\/p>\n<p>Cinq donateurs ont \u00e9t\u00e9 honor\u00e9s. \u00c0 eux cinq, ils totalisent 525\u00a0pr\u00e9l\u00e8vements dont 200\u00a0pour Jacky Barras qui enregistre 72\u00a0printemps et qui a \u00e9t\u00e9 pr\u00e9sident de l\u2019association pendant 12\u00a0ans\u00a0: \u00ab\u00a0J\u2019ai commenc\u00e9, j\u2019avais 18\u00a0ans\u00a0\u00bb, commente-t-il. Fran\u00e7oise Palussi\u00e8re (25\u00a0dons), Yannick Queneau (100\u00a0dons), G\u00e9rard Madeline et Andr\u00e9 Penot (150\u00a0dons) ont aussi \u00e9t\u00e9 honor\u00e9s.<\/p>\n<p>\u00a0<\/p>\n","protected":false},"excerpt":{"rendered":"L\u2019association, le Don du sang b\u00e9n\u00e9vole \u00e0 Savenay et ses alentours, pr\u00e9sid\u00e9e par Rebecca Coste, a r\u00e9uni ses&hellip;\n","protected":false},"author":2,"featured_media":34470,"comment_status":"","ping_status":"","sticky":false,"template":"","format":"standard","meta":{"footnotes":""},"categories":[2818],"tags":[1111,11,4077,1809,11269,7232,1777,674,1011,27,766,12,2636,25,7233,11270],"class_list":{"0":"post-34469","1":"post","2":"type-post","3":"status-publish","4":"format-standard","5":"has-post-thumbnail","7":"category-nantes","8":"tag-actu","9":"tag-actualites","10":"tag-association","11":"tag-cherche","12":"tag-donner","13":"tag-donneurs","14":"tag-eu","15":"tag-europe","16":"tag-fr","17":"tag-france","18":"tag-nantes","19":"tag-news","20":"tag-pays-de-la-loire","21":"tag-republique-francaise","22":"tag-sang","23":"tag-tombe"},"share_on_mastodon":{"url":"https:\/\/pubeurope.com\/@fr\/114359917845348573","error":""},"_links":{"self":[{"href":"https:\/\/www.europesays.com\/fr\/wp-json\/wp\/v2\/posts\/34469","targetHints":{"allow":["GET"]}}],"collection":[{"href":"https:\/\/www.europesays.com\/fr\/wp-json\/wp\/v2\/posts"}],"about":[{"href":"https:\/\/www.europesays.com\/fr\/wp-json\/wp\/v2\/types\/post"}],"author":[{"embeddable":true,"href":"https:\/\/www.europesays.com\/fr\/wp-json\/wp\/v2\/users\/2"}],"replies":[{"embeddable":true,"href":"https:\/\/www.europesays.com\/fr\/wp-json\/wp\/v2\/comments?post=34469"}],"version-history":[{"count":0,"href":"https:\/\/www.europesays.com\/fr\/wp-json\/wp\/v2\/posts\/34469\/revisions"}],"wp:featuredmedia":[{"embeddable":true,"href":"https:\/\/www.europesays.com\/fr\/wp-json\/wp\/v2\/media\/34470"}],"wp:attachment":[{"href":"https:\/\/www.europesays.com\/fr\/wp-json\/wp\/v2\/media?parent=34469"}],"wp:term":[{"taxonomy":"category","embeddable":true,"href":"https:\/\/www.europesays.com\/fr\/wp-json\/wp\/v2\/categories?post=34469"},{"taxonomy":"post_tag","embeddable":true,"href":"https:\/\/www.europesays.com\/fr\/wp-json\/wp\/v2\/tags?post=34469"}],"curies":[{"name":"wp","href":"https:\/\/api.w.org\/{rel}","templated":true}]}}