{"id":344700,"date":"2025-08-26T08:03:41","date_gmt":"2025-08-26T08:03:41","guid":{"rendered":"https:\/\/www.europesays.com\/fr\/344700\/"},"modified":"2025-08-26T08:03:41","modified_gmt":"2025-08-26T08:03:41","slug":"disparition-dune-adolescente-de-15-ans-a-toulon-clara-15-ans-est-partie-de-paris-depuis-le-9-aout-2","status":"publish","type":"post","link":"https:\/\/www.europesays.com\/fr\/344700\/","title":{"rendered":"Disparition d&rsquo;une adolescente de 15 ans \u00e0 Toulon: Clara, 15 ans, est partie de Paris depuis le 9 ao\u00fbt"},"content":{"rendered":"<p>Le samedi 9 ao\u00fbt 2025, Clara a quitt\u00e9 la r\u00e9gion parisienne sans l&rsquo;autorisation de ses parents. Elle s&rsquo;est rendue \u00e0 la gare de Lyon \u00e0 Paris pour embarquer dans un train en direction de Toulon.\u00a0<\/p>\n<p>Alert\u00e9e par ce d\u00e9part, ses proches ont contact\u00e9 le commissariat de Toulon afin qu&rsquo;un \u00e9quipage puisse prendre en charge la mineure \u00e0 son arriv\u00e9e en gare de Toulon. Une fois identifi\u00e9e, la jeune fille a \u00e9t\u00e9 plac\u00e9e dans une structure d&rsquo;accueil \u00e0 La Valette, dans l&rsquo;attente que sa famille vienne la r\u00e9cup\u00e9rer le lundi 11 ao\u00fbt.\u00a0<\/p>\n<p>Une fugue survenue dans la nuit du 10 ao\u00fbt<\/p>\n<p>Plac\u00e9e dans cette structure de mise \u00e0 l&rsquo;abri dans la nuit du 9 au 10 ao\u00fbt, Clara a quitte pr\u00e9cipitamment l&rsquo;\u00e9tablissement le dimanche 10 ao\u00fbt. Selon les premi\u00e8res indications, elle se trouverait toujours \u00e0 Toulon.\u00a0<\/p>\n<p>Description physique et signes particuliers<\/p>\n<p>Clara mesure 1,60 m, p\u00e8se environ 40 kg et est de corpulence mince. Elle a les cheveux bruns mi-longs, les yeux marrons, et porte un piercing en forme de coccinelle au nez. Elle a \u00e9galement des faux cils et un appareil dentaire. Le jour de sa disparition, elle portait un pantalon rose, un t-shirt bleu, une veste en jean et <strong>des chaussures roses de type Crocs<\/strong>.<\/p>\n<p>Appel \u00e0 t\u00e9moins\u00a0<\/p>\n<p>La famille de Clara, tr\u00e8s inqui\u00e8te, ainsi que <a href=\"https:\/\/www.arpd.fr\/fr\/disparition-clara-loubeyre-15-ans-disparue-toulon-83-le-09-aout-2025\" target=\"_blank\" rel=\"noopener nofollow\">l&rsquo;A.R.P.D<\/a>. appellent toute personne ayant des informations \u00e0 contacter l&rsquo;association au 06.15.25.16.14 ou par mail \u00e0 region-sud@arpd.fr<\/p>\n","protected":false},"excerpt":{"rendered":"Le samedi 9 ao\u00fbt 2025, Clara a quitt\u00e9 la r\u00e9gion parisienne sans l&rsquo;autorisation de ses parents. Elle s&rsquo;est&hellip;\n","protected":false},"author":2,"featured_media":342334,"comment_status":"","ping_status":"","sticky":false,"template":"","format":"standard","meta":{"footnotes":""},"categories":[9619],"tags":[1111,11,1777,674,118,1011,27,303,12,882,25,2310],"class_list":{"0":"post-344700","1":"post","2":"type-post","3":"status-publish","4":"format-standard","5":"has-post-thumbnail","7":"category-toulon","8":"tag-actu","9":"tag-actualites","10":"tag-eu","11":"tag-europe","12":"tag-faits-divers","13":"tag-fr","14":"tag-france","15":"tag-justice","16":"tag-news","17":"tag-provence-alpes-cote-dazur","18":"tag-republique-francaise","19":"tag-toulon"},"share_on_mastodon":{"url":"https:\/\/pubeurope.com\/@fr\/115094028509852047","error":""},"_links":{"self":[{"href":"https:\/\/www.europesays.com\/fr\/wp-json\/wp\/v2\/posts\/344700","targetHints":{"allow":["GET"]}}],"collection":[{"href":"https:\/\/www.europesays.com\/fr\/wp-json\/wp\/v2\/posts"}],"about":[{"href":"https:\/\/www.europesays.com\/fr\/wp-json\/wp\/v2\/types\/post"}],"author":[{"embeddable":true,"href":"https:\/\/www.europesays.com\/fr\/wp-json\/wp\/v2\/users\/2"}],"replies":[{"embeddable":true,"href":"https:\/\/www.europesays.com\/fr\/wp-json\/wp\/v2\/comments?post=344700"}],"version-history":[{"count":0,"href":"https:\/\/www.europesays.com\/fr\/wp-json\/wp\/v2\/posts\/344700\/revisions"}],"wp:featuredmedia":[{"embeddable":true,"href":"https:\/\/www.europesays.com\/fr\/wp-json\/wp\/v2\/media\/342334"}],"wp:attachment":[{"href":"https:\/\/www.europesays.com\/fr\/wp-json\/wp\/v2\/media?parent=344700"}],"wp:term":[{"taxonomy":"category","embeddable":true,"href":"https:\/\/www.europesays.com\/fr\/wp-json\/wp\/v2\/categories?post=344700"},{"taxonomy":"post_tag","embeddable":true,"href":"https:\/\/www.europesays.com\/fr\/wp-json\/wp\/v2\/tags?post=344700"}],"curies":[{"name":"wp","href":"https:\/\/api.w.org\/{rel}","templated":true}]}}