{"id":344701,"date":"2025-08-26T08:04:09","date_gmt":"2025-08-26T08:04:09","guid":{"rendered":"https:\/\/www.europesays.com\/fr\/344701\/"},"modified":"2025-08-26T08:04:09","modified_gmt":"2025-08-26T08:04:09","slug":"cest-deja-lautomne-pourquoi-les-feuilles-des-arbres-tombent-elles-si-tot-a-montpellier","status":"publish","type":"post","link":"https:\/\/www.europesays.com\/fr\/344701\/","title":{"rendered":"\u00ab\u00a0C\u2019est d\u00e9j\u00e0 l\u2019automne\u00a0!\u00a0\u00bb\u00a0: pourquoi les feuilles des arbres tombent-elles si t\u00f4t \u00e0 Montpellier"},"content":{"rendered":"<p>\n                                                                Les arbres se prot\u00e8gent des chaleurs extr\u00eames et de la s\u00e9cheresse en perdant leurs feuilles, donnant un air d\u2019automne \u00e0 la ville. C\u2019est une des cons\u00e9quences du changement climatique.\n                            <\/p>\n<p>Depuis quelques ann\u00e9es, l\u2019automne tombe en ao\u00fbt \u00e0 Montpellier\u00a0! De nombreux arbres arborent une belle couleur jaune orang\u00e9e, ou perdent pr\u00e9matur\u00e9ment leurs feuilles. Celles-ci recouvrent de nombreux secteurs de la ville, obligeant les employ\u00e9s municipaux \u00e0 sortir les souffleurs bien plus t\u00f4t que d\u2019habitude.<\/p>\n<p>Cons\u00e9quence du r\u00e9chauffement climatique, ce \u00ab\u00a0faux automne\u00a0\u00bb, comme les scientifiques appellent ce ph\u00e9nom\u00e8ne, est observ\u00e9 dans de nombreuses parties de l\u2019Hexagone.<\/p>\n<p>Une insuffisance d\u2019eau dans le sol<\/p>\n<p>\u00ab\u00a0Les platanes sont notamment concern\u00e9s, souligne St\u00e9phane Jouault, adjoint au maire d\u00e9l\u00e9gu\u00e9 \u00e0 la nature en ville et la biodiversit\u00e9. Ils sont victimes d\u2019une combinaison de la chaleur et de la s\u00e9cheresse.\u00a0\u00bb<\/p>\n<p>Les temp\u00e9ratures caniculaires relev\u00e9es depuis le d\u00e9but de l\u2019\u00e9t\u00e9 br\u00fblent les feuilles. Les arbres transpirent pour essayer de se rafra\u00eechir, mais ne parviennent pas \u00e0 \u00ab\u00a0pomper\u00a0\u00bb assez d\u2019eau dans le sol pour se r\u00e9g\u00e9n\u00e9rer.<\/p>\n<p>L\u2019autre cons\u00e9quence du r\u00e9chauffement climatique, c\u2019est la s\u00e9cheresse qui caract\u00e9rise d\u00e9sormais nos \u00e9t\u00e9s. Ce stress hydrique, caract\u00e9ris\u00e9 par une insuffisance d\u2019eau dans le sol, affaiblit les arbres chaque ann\u00e9e un peu plus.<\/p>\n<p>Les arbres ne peuvent plus se d\u00e9velopper<\/p>\n<p>Si les feuilles au sol se voient bien, il y a aussi des d\u00e9g\u00e2ts plus insidieux\u00a0: les arbres qui ne peuvent plus se d\u00e9velopper et maintenir leurs fonctions m\u00e9taboliques, les insectes ravageurs qui gagnent du terrain, les maladies qui s\u2019installent\u2026<\/p>\n<p>La chaleur et la s\u00e9cheresse peuvent avoir d\u2019autres cons\u00e9quences sur les arbres. Ces derni\u00e8res ann\u00e9es, et notamment en 2023, l\u2019\u00e9corce des platanes est tomb\u00e9e d\u2019un coup. Cela s\u2019est produit d\u00e8s la fin du mois de juin, lorsque la canicule est apparue tr\u00e8s t\u00f4t. Ce ph\u00e9nom\u00e8ne est habituellement observ\u00e9 en automne. En perdant cette protection si t\u00f4t dans l\u2019ann\u00e9e, les arbres se prot\u00e8gent aussi contre le changement climatique.<\/p>\n","protected":false},"excerpt":{"rendered":"Les arbres se prot\u00e8gent des chaleurs extr\u00eames et de la s\u00e9cheresse en perdant leurs feuilles, donnant un air&hellip;\n","protected":false},"author":2,"featured_media":344702,"comment_status":"","ping_status":"","sticky":false,"template":"","format":"standard","meta":{"footnotes":""},"categories":[9599],"tags":[1111,11,1777,674,1011,27,2208,12,2680,25],"class_list":{"0":"post-344701","1":"post","2":"type-post","3":"status-publish","4":"format-standard","5":"has-post-thumbnail","7":"category-montpellier","8":"tag-actu","9":"tag-actualites","10":"tag-eu","11":"tag-europe","12":"tag-fr","13":"tag-france","14":"tag-montpellier","15":"tag-news","16":"tag-occitanie","17":"tag-republique-francaise"},"share_on_mastodon":{"url":"https:\/\/pubeurope.com\/@fr\/115094032572182201","error":""},"_links":{"self":[{"href":"https:\/\/www.europesays.com\/fr\/wp-json\/wp\/v2\/posts\/344701","targetHints":{"allow":["GET"]}}],"collection":[{"href":"https:\/\/www.europesays.com\/fr\/wp-json\/wp\/v2\/posts"}],"about":[{"href":"https:\/\/www.europesays.com\/fr\/wp-json\/wp\/v2\/types\/post"}],"author":[{"embeddable":true,"href":"https:\/\/www.europesays.com\/fr\/wp-json\/wp\/v2\/users\/2"}],"replies":[{"embeddable":true,"href":"https:\/\/www.europesays.com\/fr\/wp-json\/wp\/v2\/comments?post=344701"}],"version-history":[{"count":0,"href":"https:\/\/www.europesays.com\/fr\/wp-json\/wp\/v2\/posts\/344701\/revisions"}],"wp:featuredmedia":[{"embeddable":true,"href":"https:\/\/www.europesays.com\/fr\/wp-json\/wp\/v2\/media\/344702"}],"wp:attachment":[{"href":"https:\/\/www.europesays.com\/fr\/wp-json\/wp\/v2\/media?parent=344701"}],"wp:term":[{"taxonomy":"category","embeddable":true,"href":"https:\/\/www.europesays.com\/fr\/wp-json\/wp\/v2\/categories?post=344701"},{"taxonomy":"post_tag","embeddable":true,"href":"https:\/\/www.europesays.com\/fr\/wp-json\/wp\/v2\/tags?post=344701"}],"curies":[{"name":"wp","href":"https:\/\/api.w.org\/{rel}","templated":true}]}}