{"id":344707,"date":"2025-08-26T08:09:11","date_gmt":"2025-08-26T08:09:11","guid":{"rendered":"https:\/\/www.europesays.com\/fr\/344707\/"},"modified":"2025-08-26T08:09:11","modified_gmt":"2025-08-26T08:09:11","slug":"la-vuelta-sillonne-les-routes-iseroises-ce-mardi-decouvrez-les-horaires-de-passage","status":"publish","type":"post","link":"https:\/\/www.europesays.com\/fr\/344707\/","title":{"rendered":"La Vuelta sillonne les routes is\u00e9roises ce mardi, d\u00e9couvrez les horaires de passage"},"content":{"rendered":"<p itemprop=\"description\"><strong>Ce n\u2019est pas courant de voir le Tour d\u2019Espagne faire escale dans cette r\u00e9gion de la France.<\/strong><\/p>\n<p>Habitu\u00e9s \u00e0 passer dans les Pyr\u00e9n\u00e9es, les coureurs de La Vuelta sont partis de Turin (Italie), cette ann\u00e9e, et vont donc faire un petit bout de chemin dans l\u2019Hexagone, en passant par les Alpes, mais surtout, par le d\u00e9partement de l\u2019Is\u00e8re.<\/p>\n<p>Ce mardi 26 ao\u00fbt, la quatri\u00e8me \u00e9tape du dernier Grand Tour de la saison de cyclisme se d\u00e9roule entre Suse et Voiron (au nord de Grenoble). Plus de 206 kilom\u00e8tres de course pour prolonger le bonheur des amateurs de v\u00e9lo apr\u00e8s le r\u00e9cent passage du Tour de France en juillet.<\/p>\n<p>L\u2019entr\u00e9e en Is\u00e8re est pr\u00e9vue entre 13h56, pour la moyenne la plus rapide, et 14h10, pour la moyenne la plus lente. Les coureurs d\u00e9barquent par le biais du tunnel du Freney-d\u2019Oisans. Le peloton passera ensuite par la commune de Rochetaill\u00e9e (entre 14h33 et 14h51). Ils contourneront enfin Grenoble par l\u2019ouest de l\u2019agglom\u00e9ration, en empruntant Le-Pont-de-Claix, Seyssins et Sassenage entre 15h30 et 16h.<\/p>\n<p>L\u2019arriv\u00e9e \u00e0 Voiron, en passant par Moirans, est programm\u00e9e entre 16h31 et 17h01, selon la vitesse moyenne des coureurs. Apr\u00e8s la victoire de David Gaudu ce lundi, va-t-on assister \u00e0 une deuxi\u00e8me victoire fran\u00e7aise sur cette Vuelta ? Cette fois, un sprint massif entre costauds est attendu.<\/p>\n","protected":false},"excerpt":{"rendered":"Ce n\u2019est pas courant de voir le Tour d\u2019Espagne faire escale dans cette r\u00e9gion de la France. Habitu\u00e9s&hellip;\n","protected":false},"author":2,"featured_media":344708,"comment_status":"","ping_status":"","sticky":false,"template":"","format":"standard","meta":{"footnotes":""},"categories":[9566],"tags":[1111,11,7733,8279,2430,7736,650,7734,2889,2263,1777,674,1011,27,2731,8280,6417,1114,108,4662,12,3725,1825,25,7737],"class_list":{"0":"post-344707","1":"post","2":"type-post","3":"status-publish","4":"format-standard","5":"has-post-thumbnail","7":"category-grenoble","8":"tag-actu","9":"tag-actualites","10":"tag-alpes","11":"tag-alpes1","12":"tag-auvergne-rhone-alpes","13":"tag-cds","14":"tag-cinema","15":"tag-ecoute","16":"tag-emission","17":"tag-equipe","18":"tag-eu","19":"tag-europe","20":"tag-fr","21":"tag-france","22":"tag-grenoble","23":"tag-haute","24":"tag-information","25":"tag-infos","26":"tag-isere","27":"tag-journal","28":"tag-news","29":"tag-podcast","30":"tag-radio","31":"tag-republique-francaise","32":"tag-winamp"},"share_on_mastodon":{"url":"https:\/\/pubeurope.com\/@fr\/115094052206707479","error":""},"_links":{"self":[{"href":"https:\/\/www.europesays.com\/fr\/wp-json\/wp\/v2\/posts\/344707","targetHints":{"allow":["GET"]}}],"collection":[{"href":"https:\/\/www.europesays.com\/fr\/wp-json\/wp\/v2\/posts"}],"about":[{"href":"https:\/\/www.europesays.com\/fr\/wp-json\/wp\/v2\/types\/post"}],"author":[{"embeddable":true,"href":"https:\/\/www.europesays.com\/fr\/wp-json\/wp\/v2\/users\/2"}],"replies":[{"embeddable":true,"href":"https:\/\/www.europesays.com\/fr\/wp-json\/wp\/v2\/comments?post=344707"}],"version-history":[{"count":0,"href":"https:\/\/www.europesays.com\/fr\/wp-json\/wp\/v2\/posts\/344707\/revisions"}],"wp:featuredmedia":[{"embeddable":true,"href":"https:\/\/www.europesays.com\/fr\/wp-json\/wp\/v2\/media\/344708"}],"wp:attachment":[{"href":"https:\/\/www.europesays.com\/fr\/wp-json\/wp\/v2\/media?parent=344707"}],"wp:term":[{"taxonomy":"category","embeddable":true,"href":"https:\/\/www.europesays.com\/fr\/wp-json\/wp\/v2\/categories?post=344707"},{"taxonomy":"post_tag","embeddable":true,"href":"https:\/\/www.europesays.com\/fr\/wp-json\/wp\/v2\/tags?post=344707"}],"curies":[{"name":"wp","href":"https:\/\/api.w.org\/{rel}","templated":true}]}}