{"id":344709,"date":"2025-08-26T08:10:11","date_gmt":"2025-08-26T08:10:11","guid":{"rendered":"https:\/\/www.europesays.com\/fr\/344709\/"},"modified":"2025-08-26T08:10:11","modified_gmt":"2025-08-26T08:10:11","slug":"grenoble-famille-fauchee-lors-de-la-victoire-du-psg-le-jeune-conducteur-condamne","status":"publish","type":"post","link":"https:\/\/www.europesays.com\/fr\/344709\/","title":{"rendered":"Grenoble. Famille fauch\u00e9e lors de la victoire du PSG : le jeune conducteur condamn\u00e9"},"content":{"rendered":"<p>            Par<br \/>\n        <strong><br \/>\n            <a href=\"https:\/\/actu.fr\/auteur\/emma-ressegaire\" title=\"Consulter tous les articles de Emma Ressegaire\" target=\"_blank\" rel=\"noopener\">Emma Ressegaire<\/a><br \/>\n        <\/strong><\/p>\n<p>        Publi\u00e9 le<\/p>\n<p>            26 ao\u00fbt 2025 \u00e0 10h03        <\/p>\n<p>Le tribunal correctionnel de Grenoble a rendu son verdict. Le jeune conducteur qui avait <a href=\"https:\/\/actu.fr\/auvergne-rhone-alpes\/grenoble_38185\/grenoble-sa-voiture-fauche-une-famille-le-soir-de-la-victoire-du-psg-le-profil-du-conducteur_62719601.html\" target=\"_blank\" rel=\"noopener\">fauch\u00e9 quatre membres d\u2019une m\u00eame famille<\/a> le soir de la victoire du PSG en Ligue des Champions a \u00e9cop\u00e9 de <strong>12 mois de prison avec sursis et 200 euros d\u2019amende<\/strong>.\u00a0<\/p>\n<p class=\" wall-content\">Le conducteur mis en cause, \u00e2g\u00e9 de 19 ans, \u00e9tait jug\u00e9 pour <strong>plusieurs chefs d\u2019accusation<\/strong> : \u00ab\u00a0blessures involontaires\u00a0\u00bb, \u00ab\u00a0violation manifestement d\u00e9lib\u00e9r\u00e9e d\u2019une obligation de s\u00e9curit\u00e9 ou de prudence\u00a0\u00bb, \u00ab\u00a0destruction du bien d\u2019un charg\u00e9 de mission de service public\u00a0\u00bb, \u00ab\u00a0d\u00e9gradation ou d\u00e9t\u00e9rioration d\u2019un bien appartenant \u00e0 autrui\u00a0\u00bb, et \u00ab\u00a0circulation d\u2019un v\u00e9hicule non autoris\u00e9 sur une voie r\u00e9serv\u00e9e aux v\u00e9hicules de transport en commun\u00a0\u00bb.<\/p>\n<p>Le jeune conducteur avait pris la fuite<\/p>\n<p class=\" wall-content\">Pour rappel, le samedi 31 mai au soir, alors que de nombreux supporters c\u00e9l\u00e9braient la victoire du club parisien, le jeune homme au volant de sa BMW roulait <strong>sur une voie de tram \u00e0 Grenoble<\/strong>. Il avait alors renvers\u00e9 quatre personnes d\u2019une m\u00eame famille \u00e0 l\u2019angle du cours Jean-Jaur\u00e8s et de l\u2019avenue Alsace-Lorraine : une femme de 46 ans, ses deux fils jumeaux de 17 ans ainsi que sa ni\u00e8ce de 18 ans. Deux d\u2019entre eux avaient \u00e9t\u00e9 <strong>gri\u00e8vement bless\u00e9s<\/strong>.\u00a0<\/p>\n<p class=\" wall-content\">Le chauffard avait d\u2019abord <strong>pris la fuite<\/strong> avant de finalement se rendre aux forces de l\u2019ordre. Ce dernier \u00e9tait inconnu de la justice et avait \u00e9t\u00e9 test\u00e9 n\u00e9gatif aux d\u00e9pistages d\u2019alcool\u00e9mie et de stup\u00e9fiants.<\/p>\n<p>    <a href=\"https:\/\/www.google.com\/maps\/embed?pb=!1m18!1m12!1m3!1d2812.0352222453853!2d5.716527229781609!3d45.18638324145525!2m3!1f0!2f0!3f0!3m2!1i1024!2i768!4f13.1!3m3!1m2!1s0x478af484e2b8ad21%3A0xb8884b62441ca555!2sCr%20Jean%20Jaur%C3%A8s%2C%2038000%20Grenoble!5e0!3m2!1sfr!2sfr!4v1756193891770!5m2!1sfr!2sfr\" title=\"Ouvrie le lien\" target=\"_blank\" rel=\"noopener\">Cliquez ici pour visualiser le contenu<\/a><\/p>\n<p>Panique ou drift ?<\/p>\n<p class=\" wall-content\">Selon nos confr\u00e8res de <a href=\"https:\/\/france3-regions.franceinfo.fr\/auvergne-rhone-alpes\/isere\/grenoble\/famille-fauchee-a-grenoble-apres-la-victoire-du-psg-12-mois-de-prison-avec-sursis-pour-le-conducteur-de-19-ans-3206204.html\" target=\"_blank\" rel=\"noopener\">France 3<\/a>, le jeune homme s\u2019est dans un premier excus\u00e9 aupr\u00e8s de la famille durant ce proc\u00e8s et a dit \u00ab\u00a0assumer les faits\u00a0\u00bb. Il indique avoir \u00e9t\u00e9 <strong>pris de panique<\/strong>, lors de cette soir\u00e9e, alors que des jeunes lan\u00e7aient des tirs de mortiers et montaient dans les voitures.\u00a0<\/p>\n<p class=\" wall-content\">Une <strong>version dont doute<\/strong> le procureur de la R\u00e9publique qui indique que lors du premier appel au 17, un t\u00e9moin avait indiqu\u00e9 qu\u2019une personne avait fait <strong>un drift<\/strong> sur une voie de tram.<\/p>\n<p class=\" wall-content\">Personnalisez votre actualit\u00e9 en ajoutant vos villes et m\u00e9dias en favori avec <a href=\"https:\/\/moncompte.actu.fr\" title=\"D\u00e9couvez Mon Actu\" rel=\"nofollow noopener\" data-trk=\"{&quot;cta&quot;:{&quot;action&quot;:&quot;https:\\\/\\\/moncompte.actu.fr&quot;,&quot;category&quot;:&quot;mon compte&quot;,&quot;from&quot;:&quot;article footer&quot;,&quot;name&quot;:&quot;Mon actu&quot;,&quot;type&quot;:&quot;cta&quot;}}\" target=\"_blank\">Mon Actu<\/a>.<\/p>\n","protected":false},"excerpt":{"rendered":"Par Emma Ressegaire Publi\u00e9 le 26 ao\u00fbt 2025 \u00e0 10h03 Le tribunal correctionnel de Grenoble a rendu son&hellip;\n","protected":false},"author":2,"featured_media":344710,"comment_status":"","ping_status":"","sticky":false,"template":"","format":"standard","meta":{"footnotes":""},"categories":[9566],"tags":[1111,11,2430,1777,674,118,1011,27,2731,303,12,2332,25],"class_list":{"0":"post-344709","1":"post","2":"type-post","3":"status-publish","4":"format-standard","5":"has-post-thumbnail","7":"category-grenoble","8":"tag-actu","9":"tag-actualites","10":"tag-auvergne-rhone-alpes","11":"tag-eu","12":"tag-europe","13":"tag-faits-divers","14":"tag-fr","15":"tag-france","16":"tag-grenoble","17":"tag-justice","18":"tag-news","19":"tag-paris-saint-germain-psg","20":"tag-republique-francaise"},"share_on_mastodon":{"url":"https:\/\/pubeurope.com\/@fr\/115094056170761726","error":""},"_links":{"self":[{"href":"https:\/\/www.europesays.com\/fr\/wp-json\/wp\/v2\/posts\/344709","targetHints":{"allow":["GET"]}}],"collection":[{"href":"https:\/\/www.europesays.com\/fr\/wp-json\/wp\/v2\/posts"}],"about":[{"href":"https:\/\/www.europesays.com\/fr\/wp-json\/wp\/v2\/types\/post"}],"author":[{"embeddable":true,"href":"https:\/\/www.europesays.com\/fr\/wp-json\/wp\/v2\/users\/2"}],"replies":[{"embeddable":true,"href":"https:\/\/www.europesays.com\/fr\/wp-json\/wp\/v2\/comments?post=344709"}],"version-history":[{"count":0,"href":"https:\/\/www.europesays.com\/fr\/wp-json\/wp\/v2\/posts\/344709\/revisions"}],"wp:featuredmedia":[{"embeddable":true,"href":"https:\/\/www.europesays.com\/fr\/wp-json\/wp\/v2\/media\/344710"}],"wp:attachment":[{"href":"https:\/\/www.europesays.com\/fr\/wp-json\/wp\/v2\/media?parent=344709"}],"wp:term":[{"taxonomy":"category","embeddable":true,"href":"https:\/\/www.europesays.com\/fr\/wp-json\/wp\/v2\/categories?post=344709"},{"taxonomy":"post_tag","embeddable":true,"href":"https:\/\/www.europesays.com\/fr\/wp-json\/wp\/v2\/tags?post=344709"}],"curies":[{"name":"wp","href":"https:\/\/api.w.org\/{rel}","templated":true}]}}