{"id":344711,"date":"2025-08-26T08:11:28","date_gmt":"2025-08-26T08:11:28","guid":{"rendered":"https:\/\/www.europesays.com\/fr\/344711\/"},"modified":"2025-08-26T08:11:28","modified_gmt":"2025-08-26T08:11:28","slug":"votre-semaine-en-bretagne-temps-de-plus-en-plus-perturbe-actualites-meteo","status":"publish","type":"post","link":"https:\/\/www.europesays.com\/fr\/344711\/","title":{"rendered":"Votre semaine en Bretagne : Temps de plus en plus perturb\u00e9 &#8211; Actualit\u00e9s m\u00e9t\u00e9o"},"content":{"rendered":"<p>Vos conditions m\u00e9t\u00e9o \u00e0 attendre pour la p\u00e9riode qui s&rsquo;\u00e9tend du 25 au 31 ao\u00fbt 2025 :<\/p>\n<p>&#13;<br \/>\n&#13;<br \/>\nSoleil et chaleur lundi.&#13;<br \/>\n&#13;<\/p>\n<p>Ce <strong>lundi <\/strong>matin, la semaine d\u00e9bute sous un ciel souvent occup\u00e9 par des nuages d\u2019altitude parfois denses, mais le ressenti reste lumineux et agr\u00e9able. Ces nuages s\u2019\u00e9vacuent progressivement vers l\u2019Est en cours de matin\u00e9e.<\/p>\n<p>&#13;<br \/>\n&#13;<\/p>\n<p><a name=\"_Hlk195523943\">Cet apr\u00e8s-midi, le soleil est tr\u00e8s pr\u00e9sent avec souvent aucun nuage \u00e0 signaler, on remarque seulement le risque d\u2019observer quelques cumulus sur le Finist\u00e8re.<\/a><\/p>\n<p>&#13;<br \/>\n&#13;<\/p>\n<p>Le vent de Sud-Ouest souffle parfois mod\u00e9r\u00e9ment en cours d\u2019apr\u00e8s-midi, avec entre 30 et 40 km\/h.<\/p>\n<p>&#13;<br \/>\n&#13;<\/p>\n<p>Ce matin, les temp\u00e9ratures affichent souvent entre 13 et 18\u00b0C. Cet apr\u00e8s-midi, les temp\u00e9ratures sont une nouvelle fois en hausse et sont g\u00e9n\u00e9ralement comprises entre 26 et 32\u00b0C ; elles sont moins chaudes sur la c\u00f4te Atlantique et plus \u00e9lev\u00e9es sur le Nord et l\u2019Est.<\/p>\n<p>&#13;<br \/>\n&#13;<\/p>\n<p>Ce <strong>mardi<\/strong>, au lever du jour, un front att\u00e9nu\u00e9 durant la nuit nous apporte beaucoup de nuages et parfois quelques averses, le front glisse progressivement sur l\u2019Est. L\u2019apr\u00e8s-midi, le soleil revient \u00e0 l\u2019arri\u00e8re du front et le ciel est variable avec parfois des averses.<\/p>\n<p>&#13;<br \/>\n&#13;<\/p>\n<p>Le vent d\u2019Ouest-Sud-Ouest est souvent mod\u00e9r\u00e9 avec entre 35 et 50 km\/h.<\/p>\n<p>&#13;<br \/>\n&#13;<\/p>\n<p>Les temp\u00e9ratures affichent le matin entre 12 et 17\u00b0C ; les maximales sont en baisse et affichent entre 20 et 26\u00b0C, localement plus.<\/p>\n<p>&#13;<br \/>\n&#13;<br \/>\n\u00a0&#13;<br \/>\n&#13;<br \/>\nTemps d\u00e9pressionnaire plus humide et venteux.&#13;<br \/>\n&#13;<\/p>\n<p><strong>Mercredi<\/strong>, un front pluvieux plus important traverse notre r\u00e9gion avec parfois quelques orages, les temp\u00e9ratures poursuivent leur baisse, le vent souffle sensiblement et peut atteindre les 60 km\/h. <strong>Jeudi<\/strong>, le temps s\u2019annonce plus variable avec des \u00e9claircies et des averses, et les temp\u00e9ratures \u00e9voluent peu l\u2019apr\u00e8s-midi.<\/p>\n<p>&#13;<br \/>\n&#13;<\/p>\n<p>\u00a0<\/p>\n<p>&#13;<br \/>\n&#13;<br \/>\nUn week-end perturb\u00e9 et frais pour la saison.&#13;<br \/>\n&#13;<\/p>\n<p><strong>Vendredi<\/strong>, une perturbation pourrait nous traverser en matin\u00e9e et apporter de fortes pr\u00e9cipitations et du vent parfois fort. <strong>Samedi<\/strong> et <strong>dimanche<\/strong>, le temps s\u2019annonce un peu moins perturb\u00e9 avec des perturbations pluvieuses moins intenses qu\u2019en matin\u00e9e de vendredi, le vent reste sensible et les temp\u00e9ratures sous les normales de saison.<\/p>\n","protected":false},"excerpt":{"rendered":"Vos conditions m\u00e9t\u00e9o \u00e0 attendre pour la p\u00e9riode qui s&rsquo;\u00e9tend du 25 au 31 ao\u00fbt 2025 : &#13;&hellip;\n","protected":false},"author":2,"featured_media":344712,"comment_status":"","ping_status":"","sticky":false,"template":"","format":"standard","meta":{"footnotes":""},"categories":[2821],"tags":[1111,11,829,1777,674,1011,27,12,584,25],"class_list":{"0":"post-344711","1":"post","2":"type-post","3":"status-publish","4":"format-standard","5":"has-post-thumbnail","7":"category-rennes","8":"tag-actu","9":"tag-actualites","10":"tag-bretagne","11":"tag-eu","12":"tag-europe","13":"tag-fr","14":"tag-france","15":"tag-news","16":"tag-rennes","17":"tag-republique-francaise"},"share_on_mastodon":{"url":"https:\/\/pubeurope.com\/@fr\/115094059990729872","error":""},"_links":{"self":[{"href":"https:\/\/www.europesays.com\/fr\/wp-json\/wp\/v2\/posts\/344711","targetHints":{"allow":["GET"]}}],"collection":[{"href":"https:\/\/www.europesays.com\/fr\/wp-json\/wp\/v2\/posts"}],"about":[{"href":"https:\/\/www.europesays.com\/fr\/wp-json\/wp\/v2\/types\/post"}],"author":[{"embeddable":true,"href":"https:\/\/www.europesays.com\/fr\/wp-json\/wp\/v2\/users\/2"}],"replies":[{"embeddable":true,"href":"https:\/\/www.europesays.com\/fr\/wp-json\/wp\/v2\/comments?post=344711"}],"version-history":[{"count":0,"href":"https:\/\/www.europesays.com\/fr\/wp-json\/wp\/v2\/posts\/344711\/revisions"}],"wp:featuredmedia":[{"embeddable":true,"href":"https:\/\/www.europesays.com\/fr\/wp-json\/wp\/v2\/media\/344712"}],"wp:attachment":[{"href":"https:\/\/www.europesays.com\/fr\/wp-json\/wp\/v2\/media?parent=344711"}],"wp:term":[{"taxonomy":"category","embeddable":true,"href":"https:\/\/www.europesays.com\/fr\/wp-json\/wp\/v2\/categories?post=344711"},{"taxonomy":"post_tag","embeddable":true,"href":"https:\/\/www.europesays.com\/fr\/wp-json\/wp\/v2\/tags?post=344711"}],"curies":[{"name":"wp","href":"https:\/\/api.w.org\/{rel}","templated":true}]}}