{"id":344713,"date":"2025-08-26T08:12:20","date_gmt":"2025-08-26T08:12:20","guid":{"rendered":"https:\/\/www.europesays.com\/fr\/344713\/"},"modified":"2025-08-26T08:12:20","modified_gmt":"2025-08-26T08:12:20","slug":"avant-la-rentree-ces-eleves-de-premiere-revisent-leurs-maths-a-rennes-dans-la-joie-et-la-bonne-humeur","status":"publish","type":"post","link":"https:\/\/www.europesays.com\/fr\/344713\/","title":{"rendered":"Avant la rentr\u00e9e, ces \u00e9l\u00e8ves de premi\u00e8re r\u00e9visent leurs maths \u00e0 Rennes dans la joie et la bonne humeur"},"content":{"rendered":"<p> <img decoding=\"async\" src=\"https:\/\/www.europesays.com\/fr\/wp-content\/uploads\/2025\/08\/1756195940_557_1200x680\" alt=\"illustration agrandir l'image\" style=\"--_image-preview:url('data:image\/jpeg;base64,\/9j\/2wBDACgcHiMeGSgjISMtKygwPGRBPDc3PHtYXUlkkYCZlo+AjIqgtObDoKrarYqMyP\/L2u71\/\/\/\/m8H\/\/\/\/6\/+b9\/\/j\/2wBDASstLTw1PHZBQXb4pYyl+Pj4+Pj4+Pj4+Pj4+Pj4+Pj4+Pj4+Pj4+Pj4+Pj4+Pj4+Pj4+Pj4+Pj4+Pj4+Pj4+Pj\/wAARCAAqACoDASIAAhEBAxEB\/8QAGAAAAwEBAAAAAAAAAAAAAAAAAQIEAwD\/xAAbEAEBAQEBAQEBAAAAAAAAAAAAAQIREgMhQf\/EABYBAQEBAAAAAAAAAAAAAAAAAAEAAv\/EABQRAQAAAAAAAAAAAAAAAAAAAAD\/2gAMAwEAAhEDEQA\/AKrQ6W6L6CadcWUegutL11BImtE9E1onopTnTSVNnTbNZJ6AyDwFBuk7+jtn\/W2W2Kp+dSYVfMFRmG4XLRkv\/9k=');\" loading=\"eager\" fetchpriority=\"high\" aria-hidden=\"true\" class=\"svelte-1pnmlwx rounded\" onload=\"this.__e=event\" onerror=\"this.__e=event\"\/> Sylvie Belmont donne des cours de maths \u00e0 l&rsquo;agence Anacours de Rennes. \u00a9 Radio France &#8211; Garance Cailliet    <\/p>\n<p class=\"g-ici-body-regular-3 info svelte-1a514ib\">Diffus\u00e9 le mardi 26 ao\u00fbt 2025 \u00e0 6:31 <\/p>\n<p class=\"g-ici-body-regular-3 info svelte-1a514ib\">Publi\u00e9 le mardi 26 ao\u00fbt 2025 \u00e0 6:31 <\/p>\n<p class=\"g-ici-body-bold-1 standFirst svelte-g22axr\">La rentr\u00e9e n&rsquo;a lieu que dans une semaine, mais certains \u00e9l\u00e8ves motiv\u00e9s sont inscrits \u00e0 des cours de maths \u00e0 Rennes, pour commencer l&rsquo;ann\u00e9e scolaire \u00e0 niveau.<\/p>\n<p>Avant m\u00eame la rentr\u00e9e des classes dans une semaine, certains sont d\u00e9j\u00e0 \u00e0 nouveau en cours. <strong>A Rennes, des lyc\u00e9ens motiv\u00e9s se sont inscrits \u00e0 un cours priv\u00e9 de maths, pour quelques jours de r\u00e9visions et de remise \u00e0 niveau.<\/strong> Il faut dire aussi que le programme change pour les\u00a0\u00e9l\u00e8ves de premi\u00e8re avec une nouvelle \u00e9preuve de maths cette ann\u00e9e.<\/p>\n<ul class=\"SocialNetworks svelte-bt5901\">\n<li class=\"svelte-bt5901\"><\/li>\n<li class=\"svelte-bt5901\"><\/li>\n<li class=\"svelte-bt5901\"><\/li>\n<li class=\"svelte-bt5901\"><\/li>\n<li class=\"svelte-bt5901\"><\/li>\n<\/ul>\n<p class=\"g-ici-body-regular-3 description svelte-1vha4t1\">Tous les vendredis, recevez le meilleur de la semaine d\u2019ici Armorique\u00a0: certifi\u00e9 100% local\u00a0!<\/p>\n<p>En cliquant sur \u00ab\u00a0S\u2019abonner\u00a0\u00bb, j&rsquo;accepte que les donn\u00e9es recueillies par<br \/>\n        Radio France soient destin\u00e9es \u00e0 l&rsquo;envoi par courrier \u00e9lectronique de<br \/>\n        contenus et d&rsquo;informations relatifs aux programmes. Plus d&rsquo;informations.<\/p>\n","protected":false},"excerpt":{"rendered":"Sylvie Belmont donne des cours de maths \u00e0 l&rsquo;agence Anacours de Rennes. \u00a9 Radio France &#8211; Garance Cailliet&hellip;\n","protected":false},"author":2,"featured_media":344714,"comment_status":"","ping_status":"","sticky":false,"template":"","format":"standard","meta":{"footnotes":""},"categories":[2821],"tags":[1111,11,829,1777,674,1011,27,12,584,25],"class_list":{"0":"post-344713","1":"post","2":"type-post","3":"status-publish","4":"format-standard","5":"has-post-thumbnail","7":"category-rennes","8":"tag-actu","9":"tag-actualites","10":"tag-bretagne","11":"tag-eu","12":"tag-europe","13":"tag-fr","14":"tag-france","15":"tag-news","16":"tag-rennes","17":"tag-republique-francaise"},"share_on_mastodon":{"url":"https:\/\/pubeurope.com\/@fr\/115094064401068379","error":""},"_links":{"self":[{"href":"https:\/\/www.europesays.com\/fr\/wp-json\/wp\/v2\/posts\/344713","targetHints":{"allow":["GET"]}}],"collection":[{"href":"https:\/\/www.europesays.com\/fr\/wp-json\/wp\/v2\/posts"}],"about":[{"href":"https:\/\/www.europesays.com\/fr\/wp-json\/wp\/v2\/types\/post"}],"author":[{"embeddable":true,"href":"https:\/\/www.europesays.com\/fr\/wp-json\/wp\/v2\/users\/2"}],"replies":[{"embeddable":true,"href":"https:\/\/www.europesays.com\/fr\/wp-json\/wp\/v2\/comments?post=344713"}],"version-history":[{"count":0,"href":"https:\/\/www.europesays.com\/fr\/wp-json\/wp\/v2\/posts\/344713\/revisions"}],"wp:featuredmedia":[{"embeddable":true,"href":"https:\/\/www.europesays.com\/fr\/wp-json\/wp\/v2\/media\/344714"}],"wp:attachment":[{"href":"https:\/\/www.europesays.com\/fr\/wp-json\/wp\/v2\/media?parent=344713"}],"wp:term":[{"taxonomy":"category","embeddable":true,"href":"https:\/\/www.europesays.com\/fr\/wp-json\/wp\/v2\/categories?post=344713"},{"taxonomy":"post_tag","embeddable":true,"href":"https:\/\/www.europesays.com\/fr\/wp-json\/wp\/v2\/tags?post=344713"}],"curies":[{"name":"wp","href":"https:\/\/api.w.org\/{rel}","templated":true}]}}