{"id":344715,"date":"2025-08-26T08:13:11","date_gmt":"2025-08-26T08:13:11","guid":{"rendered":"https:\/\/www.europesays.com\/fr\/344715\/"},"modified":"2025-08-26T08:13:11","modified_gmt":"2025-08-26T08:13:11","slug":"un-chauffard-fonce-sur-un-policier-et-le-blesse-a-la-main","status":"publish","type":"post","link":"https:\/\/www.europesays.com\/fr\/344715\/","title":{"rendered":"un chauffard fonce sur un policier et le blesse \u00e0 la main"},"content":{"rendered":"<p>Un policier du commissariat de Strasbourg a \u00e9t\u00e9 bless\u00e9 \u00e0 une main lundi 25 ao\u00fbt vers 15h30 lors d\u2019un refus d\u2019obtemp\u00e9rer. Un chauffard, qui transportait du cannabis, lui a fonc\u00e9 dessus. Le fonctionnaire a fait usage de son arme de service.<\/p>\n<p>L\u2019automobiliste roulait en sens interdit rue de la Corderie, derri\u00e8re le commissariat central de Strasbourg, lundi 25 ao\u00fbt en milieu d\u2019apr\u00e8s-midi. Des motards de la police, qui proc\u00e9daient \u00e0 un contr\u00f4le radar au niveau du pont de l\u2019\u00c9toile, l\u2019ont rep\u00e9r\u00e9. Ils sont all\u00e9s \u00e0 sa hauteur. <\/p>\n<p>Le conducteur a refus\u00e9 d\u2019obtemp\u00e9rer. Il s\u2019est engag\u00e9 entre les immeubles rue du Commissaire-Divisionnaire-Becker, puis route de l\u2019H\u00f4pital, il est pass\u00e9 devant le Nouvel h\u00f4pital civil pour filer vers la Grande Mosqu\u00e9e.<\/p>\n<p>Le policier est \u00ab\u00a0surtout choqu\u00e9\u00a0\u00bb<\/p>\n<p>Le chauffard a \u00e9t\u00e9 bloqu\u00e9 dans la circulation au niveau de la fourri\u00e8re, rue du Doubs. \u00ab Les motards se sont mis face \u00e0 lui, en travers de la route \u00bb, indique Sylvain Andr\u00e9, porte-parole du syndicat de police Alliance dans le Bas-Rhin. Le fuyard \u00ab a d\u00e9lib\u00e9r\u00e9ment acc\u00e9l\u00e9r\u00e9 et percut\u00e9 un fonctionnaire de police qui a fini sur le capot \u00bb, poursuit le repr\u00e9sentant syndical. Le policier, tomb\u00e9 au sol, a sorti son arme : \u00ab Il a r\u00e9ussi \u00e0 mettre trois coups de crosse sur le pare-brise. Puis, en l\u00e9gitime d\u00e9fense, il a fait usage de son arme sans blesser l\u2019individu. Il a surtout essay\u00e9 de stopper le v\u00e9hicule. \u00bb<\/p>\n<p>Le policier, \u00e2g\u00e9 de 40 ans, a \u00e9t\u00e9 bless\u00e9 \u00e0 la main. \u00ab Il a \u00e9t\u00e9 transport\u00e9 \u00e0 l\u2019h\u00f4pital et soign\u00e9 \u00bb mais \u00ab il est surtout choqu\u00e9, d\u00e9crit Sylvain Andr\u00e9. C\u2019est un fonctionnaire d\u2019exp\u00e9rience, qui est motard chez nous depuis des ann\u00e9es. Ce n\u2019est pas tous les jours qu\u2019on finit sur un capot de voiture et qu\u2019on fait usage de son arme. \u00bb<\/p>\n<p>Le chauffard est connu des services de police<\/p>\n<p>L\u2019individu \u00e0 l\u2019origine du refus d\u2019obtemp\u00e9rer, \u00e2g\u00e9 de 40 ans, a \u00e9t\u00e9 interpell\u00e9. \u00ab On a eu sur lui une envol\u00e9e de produits stup\u00e9fiants, du cannabis \u00bb, pr\u00e9cise le repr\u00e9sentant d\u2019Alliance. Cet homme, \u00ab connu des services de police \u00bb, \u00e9tait aussi \u00ab en d\u00e9faut de permis de conduire \u00bb. Il a \u00e9t\u00e9 plac\u00e9 en garde \u00e0 vue. \u00ab On esp\u00e8re que ce genre d\u2019individu fasse l\u2019objet d\u2019une peine s\u00e9v\u00e8re \u00bb, souligne Sylvain Andr\u00e9. \u00ab Nos coll\u00e8gues ne prennent pas leur service le matin pour finir sur des capots de voiture et faire usage de leur arme. On est l\u00e0 pour prot\u00e9ger la population. \u00bb<\/p>\n<p>Depuis plusieurs ann\u00e9es, les refus d\u2019obtemp\u00e9rer sont se sont multipli\u00e9s. \u00ab Surtout la nuit quand la circulation est moins dense \u00bb, observe le policier.<\/p>\n","protected":false},"excerpt":{"rendered":"Un policier du commissariat de Strasbourg a \u00e9t\u00e9 bless\u00e9 \u00e0 une main lundi 25 ao\u00fbt vers 15h30 lors&hellip;\n","protected":false},"author":2,"featured_media":344716,"comment_status":"","ping_status":"","sticky":false,"template":"","format":"standard","meta":{"footnotes":""},"categories":[2820],"tags":[1111,11,271,272,2880,1777,674,274,107,1011,27,775,12,25,640],"class_list":{"0":"post-344715","1":"post","2":"type-post","3":"status-publish","4":"format-standard","5":"has-post-thumbnail","7":"category-strasbourg","8":"tag-actu","9":"tag-actualites","10":"tag-crime","11":"tag-delit-et-contravention","12":"tag-edition-strasbourg","13":"tag-eu","14":"tag-europe","15":"tag-faits-divers-justice","16":"tag-fil-info","17":"tag-fr","18":"tag-france","19":"tag-grand-est","20":"tag-news","21":"tag-republique-francaise","22":"tag-strasbourg"},"share_on_mastodon":{"url":"https:\/\/pubeurope.com\/@fr\/115094067919161210","error":""},"_links":{"self":[{"href":"https:\/\/www.europesays.com\/fr\/wp-json\/wp\/v2\/posts\/344715","targetHints":{"allow":["GET"]}}],"collection":[{"href":"https:\/\/www.europesays.com\/fr\/wp-json\/wp\/v2\/posts"}],"about":[{"href":"https:\/\/www.europesays.com\/fr\/wp-json\/wp\/v2\/types\/post"}],"author":[{"embeddable":true,"href":"https:\/\/www.europesays.com\/fr\/wp-json\/wp\/v2\/users\/2"}],"replies":[{"embeddable":true,"href":"https:\/\/www.europesays.com\/fr\/wp-json\/wp\/v2\/comments?post=344715"}],"version-history":[{"count":0,"href":"https:\/\/www.europesays.com\/fr\/wp-json\/wp\/v2\/posts\/344715\/revisions"}],"wp:featuredmedia":[{"embeddable":true,"href":"https:\/\/www.europesays.com\/fr\/wp-json\/wp\/v2\/media\/344716"}],"wp:attachment":[{"href":"https:\/\/www.europesays.com\/fr\/wp-json\/wp\/v2\/media?parent=344715"}],"wp:term":[{"taxonomy":"category","embeddable":true,"href":"https:\/\/www.europesays.com\/fr\/wp-json\/wp\/v2\/categories?post=344715"},{"taxonomy":"post_tag","embeddable":true,"href":"https:\/\/www.europesays.com\/fr\/wp-json\/wp\/v2\/tags?post=344715"}],"curies":[{"name":"wp","href":"https:\/\/api.w.org\/{rel}","templated":true}]}}