{"id":344717,"date":"2025-08-26T08:14:09","date_gmt":"2025-08-26T08:14:09","guid":{"rendered":"https:\/\/www.europesays.com\/fr\/344717\/"},"modified":"2025-08-26T08:14:09","modified_gmt":"2025-08-26T08:14:09","slug":"mais-que-faisait-jamy-de-cest-pas-sorcier-sur-une-banderole-lors-dun-match-du-racing-club-de-strasbourg","status":"publish","type":"post","link":"https:\/\/www.europesays.com\/fr\/344717\/","title":{"rendered":"Mais que faisait Jamy de C&rsquo;est pas sorcier sur une banderole lors d&rsquo;un match du Racing club de Strasbourg\u00a0?"},"content":{"rendered":"<p>            Par<br \/>\n        <strong><br \/>\n            <a href=\"https:\/\/actu.fr\/auteur\/redaction-strasbourg\" title=\"Consulter tous les articles de R\u00e9daction Strasbourg\" rel=\"nofollow noopener\" target=\"_blank\">R\u00e9daction Strasbourg<\/a><br \/>\n        <\/strong><\/p>\n<p>        Publi\u00e9 le<\/p>\n<p>            26 ao\u00fbt 2025 \u00e0 9h23        <\/p>\n<p>\u00ab\u00a0Mais dis donc Jamy, que f\u00eatons-nous cette saison?\u00a0\u00bb. Un<strong> immense tifo \u00e0 l\u2019effigie du c\u00e9l\u00e8bre vulgarisateur<\/strong> a \u00e9t\u00e9 d\u00e9ploy\u00e9 dans les tribunes du <a href=\"https:\/\/actu.fr\/grand-est\/strasbourg_67482\/strasbourg-voici-les-6-choses-a-retenir-concernant-la-renovation-du-stade-de-la-meinau_59423703.html\" rel=\"nofollow noopener\" target=\"_blank\">stade de la Meinau<\/a> dimanche 24 ao\u00fbt \u00e0 l\u2019occasion <strong>d\u2019un match <\/strong>de <a href=\"https:\/\/actu.fr\/sports\/football\/ligue-1\" rel=\"nofollow noopener\" target=\"_blank\">Ligue 1<\/a> o\u00f9 se sont affront\u00e9s les joueurs du Racing de <a href=\"https:\/\/actu.fr\/strasbourg\/\" rel=\"nofollow noopener\" target=\"_blank\">Strasbourg<\/a> et ceux du FC Nantes (1-0).<strong> Mais pour quelle raison cette banderole faisant r\u00e9f\u00e9rence \u00e0 la c\u00e9l\u00e8bre \u00e9mission C\u2019est pas sorcier a-t-elle \u00e9t\u00e9 d\u00e9ploy\u00e9e ?<\/strong><\/p>\n<p>Une date anniversaire<\/p>\n<p class=\" wall-content\">L\u2019immense banderole repr\u00e9sentant l\u2019animateur de l\u2019\u00e9mission de vulgarisation scientifique C\u2019est pas sorcier a \u00e9t\u00e9 affich\u00e9e <strong>\u00e0 l\u2019occasion des 35 ans du kop des Ultra Boys 90.<\/strong> Cette<strong> association de supporters<\/strong> du RC Strasbourg a donc c\u00e9l\u00e9br\u00e9 en grande pompe son anniversaire.<\/p>\n<p class=\" wall-content\"><strong>Une banderole qui a amus\u00e9 le premier concern\u00e9<\/strong> qui a relay\u00e9 l\u2019initiative sur les r\u00e9seaux sociaux.<\/p>\n<p class=\" wall-content\">\n<p>Un d\u00e9but de saison gagnant pour le Racing<\/p>\n<p class=\" wall-content\">La Racing a bien lanc\u00e9 sa saison en <strong>remportant son premier match face<\/strong> \u00e0 <a href=\"https:\/\/actu.fr\/lorraine\/\" rel=\"nofollow noopener\" target=\"_blank\">Metz<\/a> lors de la premi\u00e8re journ\u00e9e de Ligue 1 le dimanche 17 ao\u00fbt. Un d\u00e9but prometteur qui se poursuit donc avec une deuxi\u00e8me victoire ce dimanche face au FC Nantes.<\/p>\n<p class=\" wall-content\">L\u2019\u00e9quipe strasbourgeoise jouera sa place en Ligue Europa Conf\u00e9rence ce jeudi face \u00e0 l\u2019\u00e9quipe danoise de Br\u00f8ndby.<\/p>\n<p class=\" wall-content\">Personnalisez votre actualit\u00e9 en ajoutant vos villes et m\u00e9dias en favori avec <a href=\"https:\/\/moncompte.actu.fr\" title=\"D\u00e9couvez Mon Actu\" rel=\"nofollow noopener\" data-trk=\"{&quot;cta&quot;:{&quot;action&quot;:&quot;https:\\\/\\\/moncompte.actu.fr&quot;,&quot;category&quot;:&quot;mon compte&quot;,&quot;from&quot;:&quot;article footer&quot;,&quot;name&quot;:&quot;Mon actu&quot;,&quot;type&quot;:&quot;cta&quot;}}\" target=\"_blank\">Mon Actu<\/a>.<\/p>\n","protected":false},"excerpt":{"rendered":"Par R\u00e9daction Strasbourg Publi\u00e9 le 26 ao\u00fbt 2025 \u00e0 9h23 \u00ab\u00a0Mais dis donc Jamy, que f\u00eatons-nous cette saison?\u00a0\u00bb.&hellip;\n","protected":false},"author":2,"featured_media":344718,"comment_status":"","ping_status":"","sticky":false,"template":"","format":"standard","meta":{"footnotes":""},"categories":[2820],"tags":[1111,11,1777,674,63,1011,27,775,12,25,60,640],"class_list":{"0":"post-344717","1":"post","2":"type-post","3":"status-publish","4":"format-standard","5":"has-post-thumbnail","7":"category-strasbourg","8":"tag-actu","9":"tag-actualites","10":"tag-eu","11":"tag-europe","12":"tag-football","13":"tag-fr","14":"tag-france","15":"tag-grand-est","16":"tag-news","17":"tag-republique-francaise","18":"tag-sports","19":"tag-strasbourg"},"share_on_mastodon":{"url":"https:\/\/pubeurope.com\/@fr\/115094071787828341","error":""},"_links":{"self":[{"href":"https:\/\/www.europesays.com\/fr\/wp-json\/wp\/v2\/posts\/344717","targetHints":{"allow":["GET"]}}],"collection":[{"href":"https:\/\/www.europesays.com\/fr\/wp-json\/wp\/v2\/posts"}],"about":[{"href":"https:\/\/www.europesays.com\/fr\/wp-json\/wp\/v2\/types\/post"}],"author":[{"embeddable":true,"href":"https:\/\/www.europesays.com\/fr\/wp-json\/wp\/v2\/users\/2"}],"replies":[{"embeddable":true,"href":"https:\/\/www.europesays.com\/fr\/wp-json\/wp\/v2\/comments?post=344717"}],"version-history":[{"count":0,"href":"https:\/\/www.europesays.com\/fr\/wp-json\/wp\/v2\/posts\/344717\/revisions"}],"wp:featuredmedia":[{"embeddable":true,"href":"https:\/\/www.europesays.com\/fr\/wp-json\/wp\/v2\/media\/344718"}],"wp:attachment":[{"href":"https:\/\/www.europesays.com\/fr\/wp-json\/wp\/v2\/media?parent=344717"}],"wp:term":[{"taxonomy":"category","embeddable":true,"href":"https:\/\/www.europesays.com\/fr\/wp-json\/wp\/v2\/categories?post=344717"},{"taxonomy":"post_tag","embeddable":true,"href":"https:\/\/www.europesays.com\/fr\/wp-json\/wp\/v2\/tags?post=344717"}],"curies":[{"name":"wp","href":"https:\/\/api.w.org\/{rel}","templated":true}]}}