{"id":344719,"date":"2025-08-26T08:15:10","date_gmt":"2025-08-26T08:15:10","guid":{"rendered":"https:\/\/www.europesays.com\/fr\/344719\/"},"modified":"2025-08-26T08:15:10","modified_gmt":"2025-08-26T08:15:10","slug":"pres-de-nice-un-homme-meurt-noye-sur-cette-plage-les-secours-ont-tout-tente","status":"publish","type":"post","link":"https:\/\/www.europesays.com\/fr\/344719\/","title":{"rendered":"Pr\u00e8s de Nice. Un homme meurt noy\u00e9 sur cette plage, les secours ont tout tent\u00e9"},"content":{"rendered":"<p>            Par<br \/>\n        <strong><br \/>\n            <a href=\"https:\/\/actu.fr\/auteur\/manon-reinhardt\" title=\"Consulter tous les articles de Manon Reinhardt\" rel=\"nofollow noopener\" target=\"_blank\">Manon Reinhardt<\/a><br \/>\n        <\/strong><\/p>\n<p>        Publi\u00e9 le<\/p>\n<p>            26 ao\u00fbt 2025 \u00e0 9h36        <\/p>\n<p>Ce lundi 25 ao\u00fbt 2025, aux alentours de 17h,<strong> un homme noy\u00e9<\/strong> a \u00e9t\u00e9 sorti de l\u2019eau sur la plage Richelieu, \u00e0 Antibes, pr\u00e8s de <a href=\"https:\/\/actu.fr\/provence-alpes-cote-d-azur\/nice_06088\" rel=\"nofollow noopener\" target=\"_blank\">Nice<\/a> (<a href=\"https:\/\/actu.fr\/provence-alpes-cote-d-azur\/alpes-maritimes_06\" rel=\"nofollow noopener\" target=\"_blank\">Alpes-Maritimes<\/a>), indiquent <a href=\"https:\/\/actu.fr\/tag\/pompiers\" rel=\"nofollow noopener\" target=\"_blank\">les sapeurs-pompiers<\/a>. Il n\u2019a pas pu \u00eatre r\u00e9anim\u00e9 malgr\u00e9 les tentatives.<\/p>\n<p class=\" wall-content\">Il est malheureusement d\u00e9c\u00e9d\u00e9.<\/p>\n<p>L\u2019homme \u00e9tait \u00e2g\u00e9 de 75\u00a0ans<\/p>\n<p class=\" wall-content\">Les sapeurs-pompiers sont intervenus en fin de journ\u00e9e sur cette plage d\u2019Antibes. Un individu \u00e2g\u00e9 de 75\u00a0ans a \u00e9t\u00e9 retrouv\u00e9 noy\u00e9 et extrait de l\u2019eau par les secours. Alors qu\u2019il se trouvait en <strong>arr\u00eat cardiorespiratoire<\/strong>, il n\u2019a pas pu \u00eatre r\u00e9anim\u00e9, malgr\u00e9 les tentatives. L\u2019homme a finalement \u00e9t\u00e9 d\u00e9clar\u00e9 mort.<\/p>\n<p>    <a href=\"https:\/\/www.google.com\/maps\/embed?pb=!1m18!1m12!1m3!1d2890.910550005021!2d7.11183807652718!3d43.56674695801754!2m3!1f0!2f0!3f0!3m2!1i1024!2i768!4f13.1!3m3!1m2!1s0x12ce7f8b15a306e7%3A0x41fa07556612e5f9!2sRichelieu%20Plage!5e0!3m2!1sfr!2sfr!4v1756193599304!5m2!1sfr!2sfr\" title=\"Ouvrie le lien\" rel=\"nofollow noopener\" target=\"_blank\">Cliquez ici pour visualiser le contenu<\/a><\/p>\n<p class=\" wall-content\">Les polices municipale et nationale se trouvaient sur les lieux ce lundi soir, pr\u00e9cise le Sdis 06. Huit sapeurs-pompiers ont \u00e9t\u00e9 mobilis\u00e9s sur cette intervention.<\/p>\n<p class=\" wall-content\">Personnalisez votre actualit\u00e9 en ajoutant vos villes et m\u00e9dias en favori avec <a href=\"https:\/\/moncompte.actu.fr\" title=\"D\u00e9couvez Mon Actu\" rel=\"nofollow noopener\" data-trk=\"{&quot;cta&quot;:{&quot;action&quot;:&quot;https:\\\/\\\/moncompte.actu.fr&quot;,&quot;category&quot;:&quot;mon compte&quot;,&quot;from&quot;:&quot;article footer&quot;,&quot;name&quot;:&quot;Mon actu&quot;,&quot;type&quot;:&quot;cta&quot;}}\" target=\"_blank\">Mon Actu<\/a>.<\/p>\n","protected":false},"excerpt":{"rendered":"Par Manon Reinhardt Publi\u00e9 le 26 ao\u00fbt 2025 \u00e0 9h36 Ce lundi 25 ao\u00fbt 2025, aux alentours de&hellip;\n","protected":false},"author":2,"featured_media":344720,"comment_status":"","ping_status":"","sticky":false,"template":"","format":"standard","meta":{"footnotes":""},"categories":[2819],"tags":[119,1111,11,1777,674,118,1011,27,12,2401,1311,882,25],"class_list":{"0":"post-344719","1":"post","2":"type-post","3":"status-publish","4":"format-standard","5":"has-post-thumbnail","7":"category-nice","8":"tag-accident","9":"tag-actu","10":"tag-actualites","11":"tag-eu","12":"tag-europe","13":"tag-faits-divers","14":"tag-fr","15":"tag-france","16":"tag-news","17":"tag-nice","18":"tag-pompiers","19":"tag-provence-alpes-cote-dazur","20":"tag-republique-francaise"},"share_on_mastodon":{"url":"https:\/\/pubeurope.com\/@fr\/115094075780975811","error":""},"_links":{"self":[{"href":"https:\/\/www.europesays.com\/fr\/wp-json\/wp\/v2\/posts\/344719","targetHints":{"allow":["GET"]}}],"collection":[{"href":"https:\/\/www.europesays.com\/fr\/wp-json\/wp\/v2\/posts"}],"about":[{"href":"https:\/\/www.europesays.com\/fr\/wp-json\/wp\/v2\/types\/post"}],"author":[{"embeddable":true,"href":"https:\/\/www.europesays.com\/fr\/wp-json\/wp\/v2\/users\/2"}],"replies":[{"embeddable":true,"href":"https:\/\/www.europesays.com\/fr\/wp-json\/wp\/v2\/comments?post=344719"}],"version-history":[{"count":0,"href":"https:\/\/www.europesays.com\/fr\/wp-json\/wp\/v2\/posts\/344719\/revisions"}],"wp:featuredmedia":[{"embeddable":true,"href":"https:\/\/www.europesays.com\/fr\/wp-json\/wp\/v2\/media\/344720"}],"wp:attachment":[{"href":"https:\/\/www.europesays.com\/fr\/wp-json\/wp\/v2\/media?parent=344719"}],"wp:term":[{"taxonomy":"category","embeddable":true,"href":"https:\/\/www.europesays.com\/fr\/wp-json\/wp\/v2\/categories?post=344719"},{"taxonomy":"post_tag","embeddable":true,"href":"https:\/\/www.europesays.com\/fr\/wp-json\/wp\/v2\/tags?post=344719"}],"curies":[{"name":"wp","href":"https:\/\/api.w.org\/{rel}","templated":true}]}}