{"id":344723,"date":"2025-08-26T08:17:18","date_gmt":"2025-08-26T08:17:18","guid":{"rendered":"https:\/\/www.europesays.com\/fr\/344723\/"},"modified":"2025-08-26T08:17:18","modified_gmt":"2025-08-26T08:17:18","slug":"que-faire-a-nantes-ce-week-end-du-28-au-31-aout-2025-big-city-nantes","status":"publish","type":"post","link":"https:\/\/www.europesays.com\/fr\/344723\/","title":{"rendered":"Que faire \u00e0 Nantes ce week-end du 28 au 31 ao\u00fbt 2025 ? \u2013 Big City Nantes"},"content":{"rendered":"<p>ON EST DE RETOUR !! \ud83e\udd73 Apr\u00e8s une pause estivale bien m\u00e9rit\u00e9e, ta s\u00e9lection pr\u00e9f\u00e9r\u00e9e des \u00e9v\u00e9nements du week-end revient, et en plus avec un tout nouveau design ! Et bien s\u00fbr, on ne change pas nos habitudes\u2026 Encore une fois, on t\u2019a r\u00e9pertori\u00e9 LE MEILLEUR de Nantes, de quoi bien profiter du soleil en cette fin d\u2019\u00e9t\u00e9. Allez, regarde \u00e7a \ud83d\ude09<\/p>\n<p>Que Faire \u00e0 Nantes ce week-end : le programme des sorties du jeudi 28 au dimanche 31 ao\u00fbt 2025<\/p>\n<p><strong>Envie de profiter avant la rentr\u00e9e ? Tu as de quoi faire ce week-end du 28 au 31 ao\u00fbt 2025<\/strong> ! Pour bien commencer, le Parc des Chantiers va \u00eatre transform\u00e9 en un vrai terrain de sport XXL avec le <a href=\"https:\/\/www.bigcitynantes.fr\/actu\/cette-tournee-sportive-gratuite-xxl-revient-a-nantes-les-30-et-31-aout\/\" target=\"_blank\" rel=\"noreferrer noopener nofollow\">Sport Tour by Intersport<\/a>, histoire de se d\u00e9penser avant la rentr\u00e9e ! Si t\u2019es plut\u00f4t musique, c\u2019est TON week-end ! Le grand festival de jazz 100% gratuit Les Rendez-vous de l\u2019Erdre revient avec 100 concerts sur l\u2019eau. C\u00f4t\u00e9 culture, ne rate pas le dernier week-end du Voyage \u00e0 Nantes, du <a href=\"https:\/\/www.bigcitynantes.fr\/actu\/off-du-van-un-parcours-artistique-parallele-dans-les-rues-de-nantes\/\" target=\"_blank\" rel=\"noreferrer noopener nofollow\">OFF du Voyage \u00e0 Nantes<\/a> et de l\u2019expo<a href=\"https:\/\/www.bigcitynantes.fr\/actu\/nantes-un-robot-tricoteur-dans-cette-nouvelle-exposition\/\" rel=\"nofollow noopener\" target=\"_blank\"> In Silentio<\/a>. La guinguette Les Nantais accueille \u00e9galement ce samedi un <a href=\"https:\/\/www.bigcitynantes.fr\/agenda\/grand-concert-de-swirls-a-nantes\/\" target=\"_blank\" rel=\"noreferrer noopener nofollow\">grand concert de Swirls<\/a>, un groupe de rock alternatif qui fait son grand retour \u00e0 Nantes.<\/p>\n<p>Ensuite, ne rate pas les nouveaut\u00e9s de la saison avec une nouvelle s\u00e9lection de vins \u00e0 la <a href=\"https:\/\/www.bigcitynantes.fr\/actu\/la-premiere-cave-dediee-a-100-aux-vins-de-nantes\/\" target=\"_blank\" rel=\"noreferrer noopener nofollow\">Muscadoth\u00e8que<\/a> ou encore de nouveaux spectacles au <a href=\"https:\/\/www.bigcitynantes.fr\/agenda\/le-smile-comedy-club-fait-sa-rentree-avec-un-max-de-nouveautes\/\" target=\"_blank\" rel=\"noreferrer noopener nofollow\">Smile Comedy Club<\/a> !<\/p>\n<p>Et \u00e7a, c\u2019est qu\u2019un aper\u00e7u\u2026\u00a0<strong>Regarde la liste ci-dessous<\/strong>\u00a0pour ne rien manquer, et surtout,\u00a0on te souhaite un <strong>bon week-end \u00e0 Nantes<\/strong>\u00a0\u2764\ufe0f<\/p>\n<p>\t\t\t\tS\u2019abonner au calendrier\t\t\t<\/p>\n","protected":false},"excerpt":{"rendered":"ON EST DE RETOUR !! \ud83e\udd73 Apr\u00e8s une pause estivale bien m\u00e9rit\u00e9e, ta s\u00e9lection pr\u00e9f\u00e9r\u00e9e des \u00e9v\u00e9nements du&hellip;\n","protected":false},"author":2,"featured_media":344724,"comment_status":"","ping_status":"","sticky":false,"template":"","format":"standard","meta":{"footnotes":""},"categories":[2818],"tags":[1111,11,4156,4157,1777,674,1011,27,766,12,2636,25,953,1669,3140,4064],"class_list":{"0":"post-344723","1":"post","2":"type-post","3":"status-publish","4":"format-standard","5":"has-post-thumbnail","7":"category-nantes","8":"tag-actu","9":"tag-actualites","10":"tag-concerts","11":"tag-dj-sets","12":"tag-eu","13":"tag-europe","14":"tag-fr","15":"tag-france","16":"tag-nantes","17":"tag-news","18":"tag-pays-de-la-loire","19":"tag-republique-francaise","20":"tag-soiree","21":"tag-sorties","22":"tag-spectacle","23":"tag-week-end"},"share_on_mastodon":{"url":"https:\/\/pubeurope.com\/@fr\/115094083613733823","error":""},"_links":{"self":[{"href":"https:\/\/www.europesays.com\/fr\/wp-json\/wp\/v2\/posts\/344723","targetHints":{"allow":["GET"]}}],"collection":[{"href":"https:\/\/www.europesays.com\/fr\/wp-json\/wp\/v2\/posts"}],"about":[{"href":"https:\/\/www.europesays.com\/fr\/wp-json\/wp\/v2\/types\/post"}],"author":[{"embeddable":true,"href":"https:\/\/www.europesays.com\/fr\/wp-json\/wp\/v2\/users\/2"}],"replies":[{"embeddable":true,"href":"https:\/\/www.europesays.com\/fr\/wp-json\/wp\/v2\/comments?post=344723"}],"version-history":[{"count":0,"href":"https:\/\/www.europesays.com\/fr\/wp-json\/wp\/v2\/posts\/344723\/revisions"}],"wp:featuredmedia":[{"embeddable":true,"href":"https:\/\/www.europesays.com\/fr\/wp-json\/wp\/v2\/media\/344724"}],"wp:attachment":[{"href":"https:\/\/www.europesays.com\/fr\/wp-json\/wp\/v2\/media?parent=344723"}],"wp:term":[{"taxonomy":"category","embeddable":true,"href":"https:\/\/www.europesays.com\/fr\/wp-json\/wp\/v2\/categories?post=344723"},{"taxonomy":"post_tag","embeddable":true,"href":"https:\/\/www.europesays.com\/fr\/wp-json\/wp\/v2\/tags?post=344723"}],"curies":[{"name":"wp","href":"https:\/\/api.w.org\/{rel}","templated":true}]}}