{"id":344725,"date":"2025-08-26T08:18:12","date_gmt":"2025-08-26T08:18:12","guid":{"rendered":"https:\/\/www.europesays.com\/fr\/344725\/"},"modified":"2025-08-26T08:18:12","modified_gmt":"2025-08-26T08:18:12","slug":"du-monoxyde-de-carbone-detecte-dans-un-immeuble-de-sept-etages","status":"publish","type":"post","link":"https:\/\/www.europesays.com\/fr\/344725\/","title":{"rendered":"du monoxyde de carbone d\u00e9tect\u00e9 dans un immeuble de sept \u00e9tages"},"content":{"rendered":"<p>            Par<br \/>\n        <strong><br \/>\n            <a href=\"https:\/\/actu.fr\/auteur\/laure-gentil\" title=\"Consulter tous les articles de Laure Gentil\" rel=\"nofollow noopener\" target=\"_blank\">Laure Gentil<\/a><br \/>\n        <\/strong><\/p>\n<p>        Publi\u00e9 le<\/p>\n<p>            26 ao\u00fbt 2025 \u00e0 9h45        <\/p>\n<p>Les<strong> sapeurs-pompiers de Loire-Atlantique<\/strong> sont intervenus, peu avant 19h, dans un immeuble de sept \u00e9tages, rue Michel Strogoff, \u00e0 Nantes, ce <strong>lundi 25\u00a0ao\u00fbt 2025.<\/strong><\/p>\n<p class=\" wall-content\">Cette intervention a \u00e9t\u00e9 demand\u00e9e par <strong>GRDF<\/strong> suite au d\u00e9clenchement d\u2019un d\u00e9tecteur de monoxyde de carbone (CO) dans un appartement au premier \u00e9tage. Le gaz a d\u00fb \u00eatre coup\u00e9.<\/p>\n<p>42 appartements affect\u00e9s<\/p>\n<p class=\" wall-content\">Selon le Service d\u00e9partemental d\u2019incendie et de secours, des \u00ab\u2009premi\u00e8res investigations\u2009\u00bb ont mis en \u00e9vidence la pr\u00e9sence de monoxyde de carbone \u00ab\u2009au moment de la mise en fonctionnement des chaudi\u00e8res dans plusieurs appartements de la cage d\u2019escalier n\u00b01, les relev\u00e9s pouvant aller <strong>de 100 \u00e0 600 ppm<\/strong>\u2009\u00bb (le niveau de toxicit\u00e9 du CO est mesur\u00e9 en partie par million N.D.L.R.).<\/p>\n<p>Les sympt\u00f4mes en fonction de la concentration de CO<\/p>\n<p>Un taux \u00e9lev\u00e9 de monoxyde de carbone peut mener \u00e0 une intoxication. En fonction de la concentration dans l&rsquo;air, les victimes peuvent conna\u00eetre plusieurs sympt\u00f4mes : <\/p>\n<p>&#8211; Entre 100 et 200 ppm : des l\u00e9gers maux de t\u00eate.<br \/>&#8211; Entre 400 et 800 ppm : vertiges, naus\u00e9es, convulsions. <br \/>&#8211; Au-del\u00e0 de 1600 ppm : d\u00e9c\u00e8s dans un d\u00e9lai d&rsquo;environ une heure.<\/p>\n<p class=\" wall-content\">Les pompiers ont aussi men\u00e9 des \u00ab\u2009reconnaissances\u2009\u00bb dans les<strong> cages d\u2019escalier n\u00b02 et n\u00b03<\/strong>. Les relev\u00e9s se sont r\u00e9v\u00e9l\u00e9s \u00ab\u2009positifs\u2009\u00bb en CO dans certains appartements.\u00a0Le gaz a \u00e9t\u00e9 coup\u00e9 impactant 42 appartements au total.<\/p>\n<p class=\" wall-content\"><strong>Aucune victime<\/strong> n\u2019a \u00e9t\u00e9 signal\u00e9e par les pompiers.<\/p>\n<p class=\" wall-content\">Personnalisez votre actualit\u00e9 en ajoutant vos villes et m\u00e9dias en favori avec <a href=\"https:\/\/moncompte.actu.fr\" title=\"D\u00e9couvez Mon Actu\" rel=\"nofollow noopener\" data-trk=\"{&quot;cta&quot;:{&quot;action&quot;:&quot;https:\\\/\\\/moncompte.actu.fr&quot;,&quot;category&quot;:&quot;mon compte&quot;,&quot;from&quot;:&quot;article footer&quot;,&quot;name&quot;:&quot;Mon actu&quot;,&quot;type&quot;:&quot;cta&quot;}}\" target=\"_blank\">Mon Actu<\/a>.<\/p>\n","protected":false},"excerpt":{"rendered":"Par Laure Gentil Publi\u00e9 le 26 ao\u00fbt 2025 \u00e0 9h45 Les sapeurs-pompiers de Loire-Atlantique sont intervenus, peu avant&hellip;\n","protected":false},"author":2,"featured_media":281650,"comment_status":"","ping_status":"","sticky":false,"template":"","format":"standard","meta":{"footnotes":""},"categories":[2818],"tags":[1111,11,1777,674,118,1011,27,843,766,12,2636,1311,25],"class_list":{"0":"post-344725","1":"post","2":"type-post","3":"status-publish","4":"format-standard","5":"has-post-thumbnail","7":"category-nantes","8":"tag-actu","9":"tag-actualites","10":"tag-eu","11":"tag-europe","12":"tag-faits-divers","13":"tag-fr","14":"tag-france","15":"tag-gaz","16":"tag-nantes","17":"tag-news","18":"tag-pays-de-la-loire","19":"tag-pompiers","20":"tag-republique-francaise"},"share_on_mastodon":{"url":"https:\/\/pubeurope.com\/@fr\/115094087614891170","error":""},"_links":{"self":[{"href":"https:\/\/www.europesays.com\/fr\/wp-json\/wp\/v2\/posts\/344725","targetHints":{"allow":["GET"]}}],"collection":[{"href":"https:\/\/www.europesays.com\/fr\/wp-json\/wp\/v2\/posts"}],"about":[{"href":"https:\/\/www.europesays.com\/fr\/wp-json\/wp\/v2\/types\/post"}],"author":[{"embeddable":true,"href":"https:\/\/www.europesays.com\/fr\/wp-json\/wp\/v2\/users\/2"}],"replies":[{"embeddable":true,"href":"https:\/\/www.europesays.com\/fr\/wp-json\/wp\/v2\/comments?post=344725"}],"version-history":[{"count":0,"href":"https:\/\/www.europesays.com\/fr\/wp-json\/wp\/v2\/posts\/344725\/revisions"}],"wp:featuredmedia":[{"embeddable":true,"href":"https:\/\/www.europesays.com\/fr\/wp-json\/wp\/v2\/media\/281650"}],"wp:attachment":[{"href":"https:\/\/www.europesays.com\/fr\/wp-json\/wp\/v2\/media?parent=344725"}],"wp:term":[{"taxonomy":"category","embeddable":true,"href":"https:\/\/www.europesays.com\/fr\/wp-json\/wp\/v2\/categories?post=344725"},{"taxonomy":"post_tag","embeddable":true,"href":"https:\/\/www.europesays.com\/fr\/wp-json\/wp\/v2\/tags?post=344725"}],"curies":[{"name":"wp","href":"https:\/\/api.w.org\/{rel}","templated":true}]}}