{"id":344730,"date":"2025-08-26T08:21:13","date_gmt":"2025-08-26T08:21:13","guid":{"rendered":"https:\/\/www.europesays.com\/fr\/344730\/"},"modified":"2025-08-26T08:21:13","modified_gmt":"2025-08-26T08:21:13","slug":"lacteur-tomer-sisley-en-tournage-a-toulouse","status":"publish","type":"post","link":"https:\/\/www.europesays.com\/fr\/344730\/","title":{"rendered":"l&rsquo;acteur Tomer Sisley en tournage \u00e0 Toulouse"},"content":{"rendered":"<p><img decoding=\"async\" class=\"\" style=\"width:100%\" src=\"https:\/\/www.europesays.com\/fr\/wp-content\/uploads\/2025\/08\/Tomer_SISLEY1756190101994.jpg\" alt=\"Tomer SISLEY\"\/><\/p>\n<p>Tomer SISLEY en tournage \u00e0 Toulouse actuellement<\/p>\n<p>Cr\u00e9dit : Facebook de Tomer Sisley<\/p>\n<p>Les chanceux l\u2019ont peut-\u00eatre d\u00e9j\u00e0 crois\u00e9!<\/p>\n<p>Tomer Sisley, acteur bien connu pour son r\u00f4le dans la saga Largo Winch est \u00e0 Toulouse depuis ce lundi 25 Ao\u00fbt 2025. L\u2019acteur pr\u00eate ses traits \u00e0 un nouveau personnage dans une s\u00e9rie \u00e0 d\u00e9couvrir bient\u00f4t sur TF1, intitul\u00e9e La Cible. Le tournage est pr\u00e9vu jusqu\u2019\u00e0 demain, Mercredi.<\/p>\n<p>Ce tournage s\u2019annonce spectaculaire, avec des sc\u00e8nes tourn\u00e9es dans plusieurs lieux embl\u00e9matiques de la Ville Rose: le Pont Neuf, le Capitole mais aussi l\u2019\u00e9glise Saint-Etienne. Certains plans incluront des cascades r\u00e9alis\u00e9es par Tomer Sisley lui-m\u00eame. Pour faciliter les prises de vue, le Pont Neuf est ferm\u00e9 \u00e0 toute circulatio. Des bouclages suppl\u00e9mentaires autour du lieu sont \u00e9galement pr\u00e9vus pour \u00e9viter la pr\u00e9sence des passants \u00e0 l\u2019image.<\/p>\n<p>On ne connait pas encore le synopsis de cette future s\u00e9rie, mais c\u2019est toujours l\u2019occasion de voir Toulouse \u00e0 l\u2019\u00e9cran !\u00a0<\/p>\n<p>\u00a0<\/p>\n","protected":false},"excerpt":{"rendered":"Tomer SISLEY en tournage \u00e0 Toulouse actuellement Cr\u00e9dit : Facebook de Tomer Sisley Les chanceux l\u2019ont peut-\u00eatre d\u00e9j\u00e0&hellip;\n","protected":false},"author":2,"featured_media":344731,"comment_status":"","ping_status":"","sticky":false,"template":"","format":"standard","meta":{"footnotes":""},"categories":[2816],"tags":[1111,11,48090,1777,674,1011,27,2722,12,2680,25,521,48089,48088,2312,6265],"class_list":{"0":"post-344730","1":"post","2":"type-post","3":"status-publish","4":"format-standard","5":"has-post-thumbnail","7":"category-toulouse","8":"tag-actu","9":"tag-actualites","10":"tag-cible","11":"tag-eu","12":"tag-europe","13":"tag-fr","14":"tag-france","15":"tag-haute-garonne","16":"tag-news","17":"tag-occitanie","18":"tag-republique-francaise","19":"tag-serie","20":"tag-sisley","21":"tag-tomer","22":"tag-toulouse","23":"tag-tournage"},"share_on_mastodon":{"url":"https:\/\/pubeurope.com\/@fr\/115094099445060410","error":""},"_links":{"self":[{"href":"https:\/\/www.europesays.com\/fr\/wp-json\/wp\/v2\/posts\/344730","targetHints":{"allow":["GET"]}}],"collection":[{"href":"https:\/\/www.europesays.com\/fr\/wp-json\/wp\/v2\/posts"}],"about":[{"href":"https:\/\/www.europesays.com\/fr\/wp-json\/wp\/v2\/types\/post"}],"author":[{"embeddable":true,"href":"https:\/\/www.europesays.com\/fr\/wp-json\/wp\/v2\/users\/2"}],"replies":[{"embeddable":true,"href":"https:\/\/www.europesays.com\/fr\/wp-json\/wp\/v2\/comments?post=344730"}],"version-history":[{"count":0,"href":"https:\/\/www.europesays.com\/fr\/wp-json\/wp\/v2\/posts\/344730\/revisions"}],"wp:featuredmedia":[{"embeddable":true,"href":"https:\/\/www.europesays.com\/fr\/wp-json\/wp\/v2\/media\/344731"}],"wp:attachment":[{"href":"https:\/\/www.europesays.com\/fr\/wp-json\/wp\/v2\/media?parent=344730"}],"wp:term":[{"taxonomy":"category","embeddable":true,"href":"https:\/\/www.europesays.com\/fr\/wp-json\/wp\/v2\/categories?post=344730"},{"taxonomy":"post_tag","embeddable":true,"href":"https:\/\/www.europesays.com\/fr\/wp-json\/wp\/v2\/tags?post=344730"}],"curies":[{"name":"wp","href":"https:\/\/api.w.org\/{rel}","templated":true}]}}