{"id":344738,"date":"2025-08-26T08:25:16","date_gmt":"2025-08-26T08:25:16","guid":{"rendered":"https:\/\/www.europesays.com\/fr\/344738\/"},"modified":"2025-08-26T08:25:16","modified_gmt":"2025-08-26T08:25:16","slug":"tk-gambino-cette-generation-de-rappeurs-marseillais-qui-cartonnent-sur-tiktok","status":"publish","type":"post","link":"https:\/\/www.europesays.com\/fr\/344738\/","title":{"rendered":"TK, Gambino&#8230; cette g\u00e9n\u00e9ration de rappeurs marseillais qui cartonnent sur TikTok"},"content":{"rendered":"<p>Marseille est-elle la capitale du rap fran\u00e7ais\u00a0? Depuis les d\u00e9buts du hip-hop en France, la question s\u2019est toujours pos\u00e9e et continuera sans-doute de l\u2019\u00eatre pour encore des ann\u00e9es, tant il appara\u00eet difficile de parvenir \u00e0 une r\u00e9ponse d\u00e9finitive. La cit\u00e9 phoc\u00e9enne a, en tout cas, des atouts s\u00e9rieux \u00e0 faire valoir. Ces derniers temps, une nouvelle g\u00e9n\u00e9ration de rappeurs marseillais cartonne sur les r\u00e9seaux sociaux. Portraits.<\/p>\n<p><img alt=\"Depuis des mois, les vid\u00e9os d'internautes qui utilisent les morceaux de TK, Cocotier, Cartel de Ali ou encore Je Pense plus \u00e0 toi se comptent par milliers sur TikTok.\" loading=\"lazy\" decoding=\"async\" data-nimg=\"fill\" class=\" TwicCore_img__i9TC1 undefined  undefined\" style=\"position:absolute;height:100%;width:100%;left:0;top:0;right:0;bottom:0;color:transparent;background-size:cover;background-position:50% 50%;background-repeat:no-repeat;background-image:url(&quot;data:image\/svg+xml;charset=utf-8,%3Csvg xmlns='http:\/\/www.w3.org\/2000\/svg' %3E%3Cfilter id='b' color-interpolation-filters='sRGB'%3E%3CfeGaussianBlur stdDeviation='20'\/%3E%3CfeColorMatrix values='1 0 0 0 0 0 1 0 0 0 0 0 1 0 0 0 0 0 100 -1' result='s'\/%3E%3CfeFlood x='0' y='0' width='100%25' height='100%25'\/%3E%3CfeComposite operator='out' in='s'\/%3E%3CfeComposite in2='SourceGraphic'\/%3E%3CfeGaussianBlur stdDeviation='20'\/%3E%3C\/filter%3E%3Cimage width='100%25' height='100%25' x='0' y='0' preserveAspectRatio='none' style='filter: url(%23b);' href='https:\/\/pictures.laprovence.com\/cdn-cgi\/image\/blur=250\/media\/melody\/2025\/08\/26\/lgl-1756194642_384882fe6ca867c4882fe6ca874688v_.jpg'\/%3E%3C\/svg%3E&quot;)\"   src=\"https:\/\/www.europesays.com\/fr\/wp-content\/uploads\/2025\/08\/lgl-1756194642_384882fe6ca867c4882fe6ca874688v_.jpg\"\/>Depuis des mois, les vid\u00e9os d&rsquo;internautes qui utilisent les morceaux de TK, Cocotier, Cartel de Ali ou encore Je Pense plus \u00e0 toi se comptent par milliers sur TikTok. \/ Photo DR Alexandre Markezana<\/p>\n<p>Le rappeur masqu\u00e9 est l\u2019homme de l\u2019\u00e9t\u00e9\u00a02025 \u00e0 Marseille. Il est celui que toutes les bo\u00eetes de nuit s\u2019arrachent pour des showcases et dont les sons cumulent les millions d\u2019\u00e9coutes. D\u00e9but juillet, il \u00e9tait \u00e0 l\u2019affiche du festival Yardland, o\u00f9 il a ravi son public parisien. Puis, apr\u00e8s avoir fait la premi\u00e8re partie <a href=\"https:\/\/www.laprovence.com\/article\/culture-loisirs\/157360703219815\/video-alonzo-veut-faire-de-son-concert-au-velodrome-la-fete-de-tous-les-marseillais\" target=\"_blank\" rel=\"noopener\">d\u2019Alonzo au V\u00e9lodrome<\/a> (ce n\u2019est pas le seul de cette liste) le 19\u00a0juillet, TK \u00e9tait aussi le nom le plus attendu par le public du Vieux-Port, le 1er\u00a0ao\u00fbt dernier, lors de la soir\u00e9e hommage aux <a href=\"https:\/\/www.laprovence.com\/article\/culture-loisirs\/22379206086379\/les-chroniques-de-mars-3-sur-la-scene-flottante-du-vieux-port-de-marseille-ce-vendredi\" target=\"_blank\" rel=\"noopener\">Chroniques de Mars<\/a>. Depuis des mois, les vid\u00e9os d\u2019internautes qui utilisent ses morceaux Cocotier, Cartel de Ali ou encore Je Pense plus \u00e0 toi se comptent par milliers sur TikTok. Le 28\u00a0juillet, <a href=\"https:\/\/laprovence.com\/article\/sorties-loisirs\/6204059\/marseille-tk-leve-un-peu-le-masque-dans-pas-ouehda.html\" target=\"_blank\" rel=\"noopener\">son premier album Pas Ouehda<\/a>, sorti en d\u00e9cembre\u00a02020, a m\u00eame \u00e9t\u00e9 certifi\u00e9 disque d\u2019or (50\u00a0000 \u00e9quivalent ventes) gr\u00e2ce \u00e0 ce regain de popularit\u00e9. Pour r\u00e9galer son public, d\u2019avant et de maintenant, l\u2019ancien prot\u00e9g\u00e9 de <a href=\"https:\/\/www.laprovence.com\/article\/region\/5342129260732914\/sur-les-traces-du-rappeur-jul-de-saint-jean-du-desert-au-sommet\" target=\"_blank\" rel=\"noopener\">Jul <\/a>(une douzaine de featurings dont trois titres en duo) a annonc\u00e9 avoir entam\u00e9 les d\u00e9marches pour un concert au D\u00f4me courant 2026. Alors l\u2019ann\u00e9e prochaine sera-t-elle encore plus belle\u00a0?<\/p>\n<p><img alt=\"Gr\u00e2ce \u00e0 TikTok, Lebeey et sa chanson \u00c0 la Wanegaine continuent de faire le buzz, neuf ans apr\u00e8s.\" loading=\"lazy\" decoding=\"async\" data-nimg=\"fill\" class=\" TwicCore_img__i9TC1 undefined  undefined\" style=\"position:absolute;height:100%;width:100%;left:0;top:0;right:0;bottom:0;color:transparent;background-size:cover;background-position:50% 50%;background-repeat:no-repeat;background-image:url(&quot;data:image\/svg+xml;charset=utf-8,%3Csvg xmlns='http:\/\/www.w3.org\/2000\/svg' %3E%3Cfilter id='b' color-interpolation-filters='sRGB'%3E%3CfeGaussianBlur stdDeviation='20'\/%3E%3CfeColorMatrix values='1 0 0 0 0 0 1 0 0 0 0 0 1 0 0 0 0 0 100 -1' result='s'\/%3E%3CfeFlood x='0' y='0' width='100%25' height='100%25'\/%3E%3CfeComposite operator='out' in='s'\/%3E%3CfeComposite in2='SourceGraphic'\/%3E%3CfeGaussianBlur stdDeviation='20'\/%3E%3C\/filter%3E%3Cimage width='100%25' height='100%25' x='0' y='0' preserveAspectRatio='none' style='filter: url(%23b);' href='https:\/\/pictures.laprovence.com\/cdn-cgi\/image\/blur=250\/media\/melody\/2025\/08\/26\/grace-a-tiktok-lebeey-et-sa-chanson-a-la-wanegaine-continuent-de-faire-le-buzz-neuf-ans-apres-1756194643_a57e63ae68a86997e63ae68a86d7e6v_.jpg'\/%3E%3C\/svg%3E&quot;)\"   src=\"https:\/\/www.europesays.com\/fr\/wp-content\/uploads\/2025\/08\/grace-a-tiktok-lebeey-et-sa-chanson-a-la-wanegaine-continuent-de-faire-le-buzz-neuf-ans-apres-175619.jpeg\"\/>Gr\u00e2ce \u00e0 TikTok, Lebeey et sa chanson \u00c0 la Wanegaine continuent de faire le buzz, neuf ans apr\u00e8s. \/ PHOTO @plusaaa_<\/p>\n<p>L\u2019histoire de Lebeey, c\u2019est celle d\u2019un rappeur prometteur qui, en\u00a02016, conna\u00eet un certain succ\u00e8s avec des morceaux comme \u00c0 la Waneguaine et Tching Tchong. Le jeune marseillais originaire <a href=\"https:\/\/www.laprovence.com\/article\/region\/76663765953218\/a-marseille-les-50-ans-de-lindependance-comorienne-sous-le-signe-de-la-binationalite-heureuse\" target=\"_blank\" rel=\"noopener\">des Comores<\/a> fait quelques apparitions sur Skyrock mais peine \u00e0 surfer sur cette vague de popularit\u00e9 naissante. On le retrouve n\u00e9anmoins sur des albums collectifs comme <a href=\"https:\/\/www.laprovence.com\/actu\/en-direct\/6534490\/le-collectif-de-rappeurs-classico-organise-devoile-son-premier-titre-loi-de-la-calle.html\" target=\"_blank\" rel=\"noopener\">Le Classico Organis\u00e9<\/a> ou <a href=\"https:\/\/www.laprovence.com\/videos\/om-records-et-b18-prod-prsentent-v13-l-album-multi-artistes-marseillais\/xbtqc7pRJKs?amp\" target=\"_blank\" rel=\"noopener\">V13<\/a>. Mais depuis plus d\u2019un an, sur TikTok, on ne compte plus les vid\u00e9os qui reprennent son tube \u00c0 la Waneguaine. Avec des paroles crues, un refrain qui rentre en t\u00eate \u00e0 la premi\u00e8re \u00e9coute et des sonorit\u00e9s qui rappellent forc\u00e9ment le rap d\u2019il y a dix ans, le son redevient viral et accumule les streams jusqu\u2019\u00e0 d\u00e9passer les 7\u00a0millions d\u2019\u00e9coutes. Un retour en gr\u00e2ce qui l\u2019a emmen\u00e9 jusqu\u2019au concert d\u2019Alonzo, en juin, au V\u00e9lodrome, comme premi\u00e8re partie.<\/p>\n<p><img alt=\"Avec Mucho Plata, Dexe tient l\u2019un des hits de l\u2019ann\u00e9e \u00e0 Marseille.\" loading=\"lazy\" decoding=\"async\" data-nimg=\"fill\" class=\" TwicCore_img__i9TC1 undefined  undefined\" style=\"position:absolute;height:100%;width:100%;left:0;top:0;right:0;bottom:0;color:transparent;background-size:cover;background-position:50% 50%;background-repeat:no-repeat;background-image:url(&quot;data:image\/svg+xml;charset=utf-8,%3Csvg xmlns='http:\/\/www.w3.org\/2000\/svg' %3E%3Cfilter id='b' color-interpolation-filters='sRGB'%3E%3CfeGaussianBlur stdDeviation='20'\/%3E%3CfeColorMatrix values='1 0 0 0 0 0 1 0 0 0 0 0 1 0 0 0 0 0 100 -1' result='s'\/%3E%3CfeFlood x='0' y='0' width='100%25' height='100%25'\/%3E%3CfeComposite operator='out' in='s'\/%3E%3CfeComposite in2='SourceGraphic'\/%3E%3CfeGaussianBlur stdDeviation='20'\/%3E%3C\/filter%3E%3Cimage width='100%25' height='100%25' x='0' y='0' preserveAspectRatio='none' style='filter: url(%23b);' href='https:\/\/pictures.laprovence.com\/cdn-cgi\/image\/blur=250\/media\/melody\/2025\/08\/26\/avec-mucho-plata-dexe-tient-l-un-des-hits-de-l-annee-a-marseille-1756194643_9cb5a9871ca8680c5a9871ca854c5av_.jpg'\/%3E%3C\/svg%3E&quot;)\"   src=\"https:\/\/www.europesays.com\/fr\/wp-content\/uploads\/2025\/08\/avec-mucho-plata-dexe-tient-l-un-des-hits-de-l-annee-a-marseille-1756194643_9cb5a9871ca8680c5a9871ca.jpeg\"\/>Avec Mucho Plata, Dexe tient l\u2019un des hits de l\u2019ann\u00e9e \u00e0 Marseille. \/ PHOTO DR<\/p>\n<p>Quand un artiste perce avec une chanson, ce n\u2019est jamais facile pour lui de suivre sur la m\u00eame lanc\u00e9e. Pour Dexe, cette chanson c\u2019est Mucho Plata. Sorti il y a un an, le son a rapidement envahi TikTok et comptabilise, aujourd\u2019hui, plus de 13\u00a0millions d\u2019\u00e9coutes. Un succ\u00e8s \u00e9clair qui a tap\u00e9 dans l\u2019\u0153il des plus grands.<\/p>\n<p>Le joueur du FC Barcelone <a href=\"https:\/\/www.laprovence.com\/article\/sports\/19556036776525\/football-quand-lamine-yamal-la-star-du-barca-se-motive-en-ecoutant-jul-avant-le-clasico\" target=\"_blank\" rel=\"noopener\">Lamine Yamal<\/a>, la nouvelle superstar <a href=\"https:\/\/www.laprovence.com\/article\/culture-loisirs\/1417762661725914\/theodora-nouvelle-sensation-francophone-du-hip-hop-a-rencontre-ses-fans-avant-son-concert-a-marseille-en-aout\" target=\"_blank\" rel=\"noopener\">Theodora<\/a>\u2026 Et le Capo dei Capi Alonzo, qui l\u2019a invit\u00e9 au V\u00e9lodrome pour sa premi\u00e8re partie. Depuis le carton de Mucho Plata, Dexe a sorti trois singles\u00a0: Dis-moi, Mourvement et Mapuka. La recette est ficel\u00e9e\u00a0: une rythmique rapide et dansante, un phras\u00e9 typiquement marseillais et des influences entre drill et musiques africaines. En mai, il posait un couplet sur Le Bara de Stavo, membre du groupe iconique 13 Block. Si ses derni\u00e8res sorties n\u2019ont pas provoqu\u00e9 le m\u00eame raz-de-mar\u00e9e que son premier tube, il n\u2019en reste pas moins l\u2019un des talents les plus en vue de la sc\u00e8ne rap locale.<\/p>\n<p><img alt=\"Sur son titre Alicante, Gambino comptabilise plus de 82 millions d\u2019\u00e9coutes.\" loading=\"lazy\" decoding=\"async\" data-nimg=\"fill\" class=\" TwicCore_img__i9TC1 undefined  undefined\" style=\"position:absolute;height:100%;width:100%;left:0;top:0;right:0;bottom:0;color:transparent;background-size:cover;background-position:50% 50%;background-repeat:no-repeat;background-image:url(&quot;data:image\/svg+xml;charset=utf-8,%3Csvg xmlns='http:\/\/www.w3.org\/2000\/svg' %3E%3Cfilter id='b' color-interpolation-filters='sRGB'%3E%3CfeGaussianBlur stdDeviation='20'\/%3E%3CfeColorMatrix values='1 0 0 0 0 0 1 0 0 0 0 0 1 0 0 0 0 0 100 -1' result='s'\/%3E%3CfeFlood x='0' y='0' width='100%25' height='100%25'\/%3E%3CfeComposite operator='out' in='s'\/%3E%3CfeComposite in2='SourceGraphic'\/%3E%3CfeGaussianBlur stdDeviation='20'\/%3E%3C\/filter%3E%3Cimage width='100%25' height='100%25' x='0' y='0' preserveAspectRatio='none' style='filter: url(%23b);' href='https:\/\/pictures.laprovence.com\/cdn-cgi\/image\/blur=250\/media\/melody\/2025\/08\/26\/sur-son-titre-alicante-gambino-comptabilise-plus-de-82-millions-d-ecoutes-1756194643_9b76c64f68a869f76c64f68a86386cv_.jpg'\/%3E%3C\/svg%3E&quot;)\"   src=\"https:\/\/www.europesays.com\/fr\/wp-content\/uploads\/2025\/08\/sur-son-titre-alicante-gambino-comptabilise-plus-de-82-millions-d-ecoutes-1756194643_9b76c64f68a869f.jpeg\"\/>Sur son titre Alicante, Gambino comptabilise plus de 82 millions d\u2019\u00e9coutes. \/ PHOTO @plusaaa_<\/p>\n<p>Le premier morceau de Gambino sur YouTube date d\u2019il y a dix ans. Peu connu \u00e0 l\u2019\u00e9poque, le rappeur phoc\u00e9en s\u2019est depuis fait un nom avec des hits comme Copacabana, Paqueta ou encore Salou. Sa marque de fabrique\u00a0? Des productions ensoleill\u00e9es et une puissante voix auto-tun\u00e9e. R\u00e9sultat\u00a0: des tubes parfaits pour l\u2019\u00e9t\u00e9, qui donnent \u00e0 n\u2019importe quel groupe d\u2019amis l\u2019envie de faire la f\u00eate et de reprendre les paroles en criant et en dansant. \u00c0 l\u2019image d\u2019Alicante, devenu un v\u00e9ritable hymne d\u2019\u00e9vasion. Sur les r\u00e9seaux sociaux, nombreux sont ceux qui ont partag\u00e9 cette musique en s\u00e9jour dans la ville touristique espagnole. Sorti en\u00a02019, le son continue toujours d\u2019alimenter les comptes TikTok de milliers d\u2019internautes, en France comme \u00e0 l\u2019\u00e9tranger. Sur Spotify, il a \u00e9t\u00e9 \u00e9cout\u00e9 plus de 82\u00a0millions de fois. C\u2019est d\u2019ailleurs Alicante que Gambino a choisi d\u2019interpr\u00e9ter au V\u00e9lodrome d\u2019Alonzo, en juin dernier, o\u00f9 il participait, lui aussi, \u00e0 la premi\u00e8re partie.<\/p>\n<p><img alt=\"Missan, le rappeur du centre-ville est l'un des artistes les plus prometteurs de la nouvelle g\u00e9n\u00e9ration marseillaise.\" loading=\"lazy\" decoding=\"async\" data-nimg=\"fill\" class=\" TwicCore_img__i9TC1 undefined  undefined\" style=\"position:absolute;height:100%;width:100%;left:0;top:0;right:0;bottom:0;color:transparent;background-size:cover;background-position:50% 50%;background-repeat:no-repeat;background-image:url(&quot;data:image\/svg+xml;charset=utf-8,%3Csvg xmlns='http:\/\/www.w3.org\/2000\/svg' %3E%3Cfilter id='b' color-interpolation-filters='sRGB'%3E%3CfeGaussianBlur stdDeviation='20'\/%3E%3CfeColorMatrix values='1 0 0 0 0 0 1 0 0 0 0 0 1 0 0 0 0 0 100 -1' result='s'\/%3E%3CfeFlood x='0' y='0' width='100%25' height='100%25'\/%3E%3CfeComposite operator='out' in='s'\/%3E%3CfeComposite in2='SourceGraphic'\/%3E%3CfeGaussianBlur stdDeviation='20'\/%3E%3C\/filter%3E%3Cimage width='100%25' height='100%25' x='0' y='0' preserveAspectRatio='none' style='filter: url(%23b);' href='https:\/\/pictures.laprovence.com\/cdn-cgi\/image\/blur=250\/media\/melody\/2025\/08\/26\/missan-ici-missan-rap-290823fpt02-1756194644_0b9bd7f77ca86fe9bd7f77ca8c2abdv_.jpg'\/%3E%3C\/svg%3E&quot;)\"   src=\"https:\/\/www.europesays.com\/fr\/wp-content\/uploads\/2025\/08\/missan-ici-missan-rap-290823fpt02-1756194644_0b9bd7f77ca86fe9bd7f77ca8c2abdv_.jpg\"\/>Missan, le rappeur du centre-ville est l&rsquo;un des artistes les plus prometteurs de la nouvelle g\u00e9n\u00e9ration marseillaise. Franck Pennant<\/p>\n<p>Le rappeur du centre-ville est l\u2019un des artistes les plus prometteurs de <a href=\"https:\/\/www.laprovence.com\/article\/sortie-loisirs\/2553529822091415\/qui-sont-les-5-jeunes-talents-du-rap-marseillais-a-suivre-de-pres\" target=\"_blank\" rel=\"noopener\">la nouvelle g\u00e9n\u00e9ration marseillaise<\/a>. Avec sa s\u00e9rie de singles La survie et ses EP Le Don, Missan s\u2019est impos\u00e9 comme un kickeur de talent. Sa voix est grave, son \u00e9criture pr\u00e9cise et imag\u00e9e. Son rap, lui, est solidement ancr\u00e9 dans l\u2019h\u00e9ritage marseillais, \u00e0 l\u2019image de sa reprise du titre Braquage Vocal d\u2019Alonzo, pour le m\u00e9dia Booska-P. Apr\u00e8s des featurings avec <a href=\"https:\/\/laprovence.com\/article\/faits-divers-justice\/2943032411629514\/le-rappeur-marseillais-naps-mis-en-examen-pour-viols-et-agressions-sexuelle-a-ete-incarcere\" target=\"_blank\" rel=\"noopener\">Naps<\/a>, <a href=\"https:\/\/www.laprovence.com\/article\/culture-loisirs\/26856859340267\/cest-la-que-tout-a-commence-le-rappeur-kofs-en-concert-pour-son-premier-solo-dans-la-salle-qui-la-lance\" target=\"_blank\" rel=\"noopener\">Kofs<\/a>, Saf, Metah, TK et Alonzo, Missan a aussi particip\u00e9 \u00e0 l\u2019album <a href=\"https:\/\/www.laprovence.com\/article\/culture-loisirs\/1443297174610715\/lalbum-13-organise-2-sort-ce-vendredi-4-ans-apres-le-succes-du-premier-opus\" target=\"_blank\" rel=\"noopener\">13 Organis\u00e9 2<\/a>, sur le titre Mental 13. Dans 00h03, Missan rappe la vie nocturne marseillaise et ses p\u00e9r\u00e9grinations, entre d\u00e9linquance et envie de richesse. De quoi inspirer les plus de 8\u00a0500 utilisateurs de TikTok qui ont mis en sc\u00e8ne le son dans des vid\u00e9os amusantes.<\/p>\n","protected":false},"excerpt":{"rendered":"Marseille est-elle la capitale du rap fran\u00e7ais\u00a0? Depuis les d\u00e9buts du hip-hop en France, la question s\u2019est toujours&hellip;\n","protected":false},"author":2,"featured_media":344739,"comment_status":"","ping_status":"","sticky":false,"template":"","format":"standard","meta":{"footnotes":""},"categories":[2814],"tags":[17,1111,11,3477,251,1777,674,1011,27,48092,3606,761,884,12,882,3583,25577,25,48091],"class_list":{"0":"post-344738","1":"post","2":"type-post","3":"status-publish","4":"format-standard","5":"has-post-thumbnail","7":"category-marseille","8":"tag-17","9":"tag-actu","10":"tag-actualites","11":"tag-cette","12":"tag-culture","13":"tag-eu","14":"tag-europe","15":"tag-fr","16":"tag-france","17":"tag-gambino","18":"tag-generation","19":"tag-marseillais","20":"tag-marseille","21":"tag-news","22":"tag-provence-alpes-cote-dazur","23":"tag-qui","24":"tag-rappeurs","25":"tag-republique-francaise","26":"tag-tk"},"share_on_mastodon":{"url":"https:\/\/pubeurope.com\/@fr\/115094115229422601","error":""},"_links":{"self":[{"href":"https:\/\/www.europesays.com\/fr\/wp-json\/wp\/v2\/posts\/344738","targetHints":{"allow":["GET"]}}],"collection":[{"href":"https:\/\/www.europesays.com\/fr\/wp-json\/wp\/v2\/posts"}],"about":[{"href":"https:\/\/www.europesays.com\/fr\/wp-json\/wp\/v2\/types\/post"}],"author":[{"embeddable":true,"href":"https:\/\/www.europesays.com\/fr\/wp-json\/wp\/v2\/users\/2"}],"replies":[{"embeddable":true,"href":"https:\/\/www.europesays.com\/fr\/wp-json\/wp\/v2\/comments?post=344738"}],"version-history":[{"count":0,"href":"https:\/\/www.europesays.com\/fr\/wp-json\/wp\/v2\/posts\/344738\/revisions"}],"wp:featuredmedia":[{"embeddable":true,"href":"https:\/\/www.europesays.com\/fr\/wp-json\/wp\/v2\/media\/344739"}],"wp:attachment":[{"href":"https:\/\/www.europesays.com\/fr\/wp-json\/wp\/v2\/media?parent=344738"}],"wp:term":[{"taxonomy":"category","embeddable":true,"href":"https:\/\/www.europesays.com\/fr\/wp-json\/wp\/v2\/categories?post=344738"},{"taxonomy":"post_tag","embeddable":true,"href":"https:\/\/www.europesays.com\/fr\/wp-json\/wp\/v2\/tags?post=344738"}],"curies":[{"name":"wp","href":"https:\/\/api.w.org\/{rel}","templated":true}]}}