{"id":344740,"date":"2025-08-26T08:26:10","date_gmt":"2025-08-26T08:26:10","guid":{"rendered":"https:\/\/www.europesays.com\/fr\/344740\/"},"modified":"2025-08-26T08:26:10","modified_gmt":"2025-08-26T08:26:10","slug":"marseille-la-bei-injecte-425-millions-deuros-pour-moderniser-les-ecoles-primaires-de-la-ville","status":"publish","type":"post","link":"https:\/\/www.europesays.com\/fr\/344740\/","title":{"rendered":"Marseille : la BEI injecte 425 millions d\u2019euros pour moderniser les \u00e9coles primaires de la ville"},"content":{"rendered":"<p> \u00ab\u00a0Un chantier historique\u00a0\u00bb, comme l&rsquo;a justement salu\u00e9 le maire de Marseille, Beno\u00eet Payan. La Banque europ\u00e9enne d\u2019investissement (BEI) a officiellement annonc\u00e9 ce lundi 25 ao\u00fbt la signature de deux pr\u00eats d\u2019un montant total de 425 millions d\u2019euros pour financer le vaste \u00ab Plan \u00c9coles \u00bb lanc\u00e9 par la Ville de Marseille et l\u2019\u00c9tat dans le\u2026This content is restricted for our subscribers!<\/p>\n<p class=\"subtitle\">Subscribe from 24.99\u20ac by month<\/p>\n<p>Unlimited access to Gomet&rsquo; content<\/p>\n<p>Participate in all the debates of our territory<\/p>\n<p>Enjoy exclusive benefits and services<\/p>\n<p class=\"login\">You already have an account? <a href=\"https:\/\/gomet.net\/login\/?redirect_to=https%3A%2F%2Fgomet.net%2Fmarseille-la-bei-injecte-425-millions-deuros-pour-moderniser-les-ecoles-primaires-de-la-ville%2F\" title=\"Login\" rel=\"nofollow noopener\" target=\"_blank\">Sign in<\/a>.<\/p>\n","protected":false},"excerpt":{"rendered":"\u00ab\u00a0Un chantier historique\u00a0\u00bb, comme l&rsquo;a justement salu\u00e9 le maire de Marseille, Beno\u00eet Payan. La Banque europ\u00e9enne d\u2019investissement (BEI)&hellip;\n","protected":false},"author":2,"featured_media":344741,"comment_status":"","ping_status":"","sticky":false,"template":"","format":"standard","meta":{"footnotes":""},"categories":[2814],"tags":[1111,11,1777,674,1011,27,884,12,882,25],"class_list":{"0":"post-344740","1":"post","2":"type-post","3":"status-publish","4":"format-standard","5":"has-post-thumbnail","7":"category-marseille","8":"tag-actu","9":"tag-actualites","10":"tag-eu","11":"tag-europe","12":"tag-fr","13":"tag-france","14":"tag-marseille","15":"tag-news","16":"tag-provence-alpes-cote-dazur","17":"tag-republique-francaise"},"share_on_mastodon":{"url":"https:\/\/pubeurope.com\/@fr\/115094118911578013","error":""},"_links":{"self":[{"href":"https:\/\/www.europesays.com\/fr\/wp-json\/wp\/v2\/posts\/344740","targetHints":{"allow":["GET"]}}],"collection":[{"href":"https:\/\/www.europesays.com\/fr\/wp-json\/wp\/v2\/posts"}],"about":[{"href":"https:\/\/www.europesays.com\/fr\/wp-json\/wp\/v2\/types\/post"}],"author":[{"embeddable":true,"href":"https:\/\/www.europesays.com\/fr\/wp-json\/wp\/v2\/users\/2"}],"replies":[{"embeddable":true,"href":"https:\/\/www.europesays.com\/fr\/wp-json\/wp\/v2\/comments?post=344740"}],"version-history":[{"count":0,"href":"https:\/\/www.europesays.com\/fr\/wp-json\/wp\/v2\/posts\/344740\/revisions"}],"wp:featuredmedia":[{"embeddable":true,"href":"https:\/\/www.europesays.com\/fr\/wp-json\/wp\/v2\/media\/344741"}],"wp:attachment":[{"href":"https:\/\/www.europesays.com\/fr\/wp-json\/wp\/v2\/media?parent=344740"}],"wp:term":[{"taxonomy":"category","embeddable":true,"href":"https:\/\/www.europesays.com\/fr\/wp-json\/wp\/v2\/categories?post=344740"},{"taxonomy":"post_tag","embeddable":true,"href":"https:\/\/www.europesays.com\/fr\/wp-json\/wp\/v2\/tags?post=344740"}],"curies":[{"name":"wp","href":"https:\/\/api.w.org\/{rel}","templated":true}]}}