{"id":344742,"date":"2025-08-26T08:27:09","date_gmt":"2025-08-26T08:27:09","guid":{"rendered":"https:\/\/www.europesays.com\/fr\/344742\/"},"modified":"2025-08-26T08:27:09","modified_gmt":"2025-08-26T08:27:09","slug":"une-operation-pres-de-lyon-vire-au-festival-dinfractions","status":"publish","type":"post","link":"https:\/\/www.europesays.com\/fr\/344742\/","title":{"rendered":"une op\u00e9ration pr\u00e8s de Lyon vire au festival d\u2019infractions"},"content":{"rendered":"<p>Le 20 ao\u00fbt 2025, de 16h30 \u00e0 18h15, les gendarmes ont men\u00e9 une vaste op\u00e9ration de s\u00e9curit\u00e9 routi\u00e8re sur le chemin de Cuers \u00e0 Dardilly, sous r\u00e9quisition du Procureur de la R\u00e9publique de Lyon. L\u2019action s\u2019est d\u00e9roul\u00e9e en pr\u00e9sence d&rsquo;Antoine Gu\u00e9rin, pr\u00e9fet D\u00e9l\u00e9gu\u00e9 pour la d\u00e9fense et la s\u00e9curit\u00e9.\u00a0<\/p>\n<p>Conduite par la BMO (brigade motoris\u00e9e)\u00a0de Dardilly et la Compagnie de L\u2019Arbresle, avec l\u2019appui de l\u2019\u00e9quipe cynotechnique de Bron, l\u2019op\u00e9ration visait \u00e0 lutter contre \u00ab\u00a0les conduites addictives et les infractions g\u00e9n\u00e9ratrices d\u2019accidents graves\u00a0\u00bb. Plus de 50 v\u00e9hicules et 50 personnes ont \u00e9t\u00e9 contr\u00f4l\u00e9s.<\/p>\n<p>Les gendarmes soulignent que \u00ab\u00a0les r\u00e9sultats sont sans appel\u00a0\u00bb.\u00a0En effet, le bilan dress\u00e9 par la gendarmerie est lourd :\u00a037 infractions constat\u00e9es\u00a0en moins de 2h.<\/p>\n<p>Parmi elles : deux conduites sous stup\u00e9fiants, un d\u00e9faut de permis de conduire, un d\u00e9faut d\u2019assurance, six usages du t\u00e9l\u00e9phone portable, ainsi que plusieurs manquements li\u00e9s aux motocyclistes et aux transporteurs routiers. Au total, dix v\u00e9hicules ont \u00e9t\u00e9 immobilis\u00e9s.\u00a0<\/p>\n<p>Un \u00e9tranger en situation irr\u00e9guli\u00e8re, interpell\u00e9 pour conduite sans permis, a par ailleurs \u00e9t\u00e9 plac\u00e9 en garde \u00e0 vue. Une Obligation de Quitter le Territoire Fran\u00e7ais (OQTF) lui a \u00e9t\u00e9 notifi\u00e9e \u00e0 l\u2019issue de la proc\u00e9dure.<\/p>\n","protected":false},"excerpt":{"rendered":"Le 20 ao\u00fbt 2025, de 16h30 \u00e0 18h15, les gendarmes ont men\u00e9 une vaste op\u00e9ration de s\u00e9curit\u00e9 routi\u00e8re&hellip;\n","protected":false},"author":2,"featured_media":344743,"comment_status":"","ping_status":"","sticky":false,"template":"","format":"standard","meta":{"footnotes":""},"categories":[1889],"tags":[1111,11,2813,2190,2430,1109,251,1112,2811,1777,674,118,1011,27,1922,1110,1114,2428,2810,12,241,316,25,2812,517,800],"class_list":{"0":"post-344742","1":"post","2":"type-post","3":"status-publish","4":"format-standard","5":"has-post-thumbnail","7":"category-lyon","8":"tag-actu","9":"tag-actualites","10":"tag-article","11":"tag-asvel","12":"tag-auvergne-rhone-alpes","13":"tag-breves","14":"tag-culture","15":"tag-depeches","16":"tag-economique","17":"tag-eu","18":"tag-europe","19":"tag-faits-divers","20":"tag-fr","21":"tag-france","22":"tag-info","23":"tag-informations","24":"tag-infos","25":"tag-lyon","26":"tag-lyonmag","27":"tag-news","28":"tag-ol","29":"tag-politique","30":"tag-republique-francaise","31":"tag-sociale","32":"tag-sport","33":"tag-transports"},"share_on_mastodon":{"url":"https:\/\/pubeurope.com\/@fr\/115094122978554040","error":""},"_links":{"self":[{"href":"https:\/\/www.europesays.com\/fr\/wp-json\/wp\/v2\/posts\/344742","targetHints":{"allow":["GET"]}}],"collection":[{"href":"https:\/\/www.europesays.com\/fr\/wp-json\/wp\/v2\/posts"}],"about":[{"href":"https:\/\/www.europesays.com\/fr\/wp-json\/wp\/v2\/types\/post"}],"author":[{"embeddable":true,"href":"https:\/\/www.europesays.com\/fr\/wp-json\/wp\/v2\/users\/2"}],"replies":[{"embeddable":true,"href":"https:\/\/www.europesays.com\/fr\/wp-json\/wp\/v2\/comments?post=344742"}],"version-history":[{"count":0,"href":"https:\/\/www.europesays.com\/fr\/wp-json\/wp\/v2\/posts\/344742\/revisions"}],"wp:featuredmedia":[{"embeddable":true,"href":"https:\/\/www.europesays.com\/fr\/wp-json\/wp\/v2\/media\/344743"}],"wp:attachment":[{"href":"https:\/\/www.europesays.com\/fr\/wp-json\/wp\/v2\/media?parent=344742"}],"wp:term":[{"taxonomy":"category","embeddable":true,"href":"https:\/\/www.europesays.com\/fr\/wp-json\/wp\/v2\/categories?post=344742"},{"taxonomy":"post_tag","embeddable":true,"href":"https:\/\/www.europesays.com\/fr\/wp-json\/wp\/v2\/tags?post=344742"}],"curies":[{"name":"wp","href":"https:\/\/api.w.org\/{rel}","templated":true}]}}