{"id":344744,"date":"2025-08-26T08:28:14","date_gmt":"2025-08-26T08:28:14","guid":{"rendered":"https:\/\/www.europesays.com\/fr\/344744\/"},"modified":"2025-08-26T08:28:14","modified_gmt":"2025-08-26T08:28:14","slug":"une-enquete-ouverte-apres-lagression-dun-adolescent-de-14-ans-a-la-sortie-dune-synagogue","status":"publish","type":"post","link":"https:\/\/www.europesays.com\/fr\/344744\/","title":{"rendered":"une enqu\u00eate ouverte apr\u00e8s l&rsquo;agression d&rsquo;un adolescent de 14 ans \u00e0 la sortie d&rsquo;une synagogue"},"content":{"rendered":"<p>Lyon: une enqu\u00eate ouverte apr\u00e8s l&rsquo;agression d&rsquo;un adolescent de 14 ans \u00e0 la sortie d&rsquo;une synagogueSur le m\u00eame sujet<a href=\"https:\/\/www.bfmtv.com\/police-justice\/video-le-cuisinier-jean-imbert-vise-par-une-plainte-d-une-ex-compagne-pour-violences-conjugales_VN-202508260316.html\" title=\"Le cuisinier Jean Imbert vis\u00e9 par une plainte d&#039;une ex-compagne pour violences conjugales\" rel=\"nofollow noopener\" target=\"_blank\"><img width=\"16\" height=\"9\" class=\"lozad\"  alt=\"Le cuisinier Jean Imbert vis\u00e9 par une plainte d'une ex-compagne pour violences conjugales\"\/>0:19Le cuisinier Jean Imbert vis\u00e9 par une plainte d&rsquo;une ex-compagne pour violences conjugales<\/a><a href=\"https:\/\/www.bfmtv.com\/police-justice\/video-lyon-une-enquete-ouverte-apres-l-agression-d-un-adolescent-de-14-ans-a-la-sortie-d-une-synagogue_VN-202508260313.html\" title=\"Lyon: une enqu\u00eate ouverte apr\u00e8s l&#039;agression d&#039;un adolescent de 14 ans \u00e0 la sortie d&#039;une synagogue\" rel=\"nofollow noopener\" target=\"_blank\"><img width=\"16\" height=\"9\" class=\"lozad\"  alt=\"Lyon: une enqu\u00eate ouverte apr\u00e8s l'agression d'un adolescent de 14 ans \u00e0 la sortie d'une synagogue\"\/>en lectureLyon: une enqu\u00eate ouverte apr\u00e8s l&rsquo;agression d&rsquo;un adolescent de 14 ans \u00e0 la sortie d&rsquo;une synagogue<\/a><a href=\"https:\/\/www.bfmtv.com\/police-justice\/video-vendin-le-vieil-plusieurs-recours-de-detenus-face-a-leur-placement-dans-la-prison-de-haute-securite_VN-202508260105.html\" title=\" Vendin-le-Vieil: plusieurs recours de d\u00e9tenus face \u00e0 leur placement dans la prison de haute s\u00e9curit\u00e9\" rel=\"nofollow noopener\" target=\"_blank\"><img width=\"16\" height=\"9\" class=\"lozad\"  alt=\" Vendin-le-Vieil: plusieurs recours de d\u00e9tenus face \u00e0 leur placement dans la prison de haute s\u00e9curit\u00e9\"\/>1:06Vendin-le-Vieil: plusieurs recours de d\u00e9tenus face \u00e0 leur placement dans la prison de haute s\u00e9curit\u00e9<\/a><a href=\"https:\/\/www.bfmtv.com\/sante\/video-il-etait-en-arret-cardiaque-esteban-24-ans-meurt-malgre-plusieurs-appels-au-samu-sa-famille-va-porter-plainte_VN-202508250537.html\" title=\" &quot;Il \u00e9tait en arr\u00eat cardiaque&quot;  Esteban, 24 ans, meurt malgr\u00e9 plusieurs appels au Samu, sa famille va porter plainte \" rel=\"nofollow noopener\" target=\"_blank\"><img width=\"16\" height=\"9\" class=\"lozad\"  alt=\" &quot;Il \u00e9tait en arr\u00eat cardiaque&quot;  Esteban, 24 ans, meurt malgr\u00e9 plusieurs appels au Samu, sa famille va porter plainte \"\/>1:55&Prime;Il \u00e9tait en arr\u00eat cardiaque\u00a0\u00bb Esteban, 24 ans, meurt malgr\u00e9 plusieurs appels au Samu, sa famille va porter plainte<\/a><a href=\"https:\/\/www.bfmtv.com\/police-justice\/video-tueur-en-serie-sans-abri-ce-que-l-on-sait-du-suspect-dans-l-enquete-des-quatre-corps-dans-la-seine_VN-202508250055.html\" title=\"Tueur en s\u00e9rie, sans-abri...Ce que l&#039;on sait du suspect dans l&#039;enqu\u00eate des quatre corps dans la Seine\" rel=\"nofollow noopener\" target=\"_blank\"><img width=\"16\" height=\"9\" class=\"lozad\"  alt=\"Tueur en s\u00e9rie, sans-abri...Ce que l'on sait du suspect dans l'enqu\u00eate des quatre corps dans la Seine\"\/>1:27Tueur en s\u00e9rie, sans-abri&#8230;Ce que l&rsquo;on sait du suspect dans l&rsquo;enqu\u00eate des quatre corps dans la Seine<\/a><a href=\"https:\/\/www.bfmtv.com\/police-justice\/video-corps-dans-la-seine-la-piste-d-un-tueur-en-serie_VN-202508250032.html\" title=\"Corps dans la Seine: la piste d&#039;un tueur en s\u00e9rie\" rel=\"nofollow noopener\" target=\"_blank\"><img width=\"16\" height=\"9\" class=\"lozad\"  alt=\"Corps dans la Seine: la piste d'un tueur en s\u00e9rie\"\/>1:01Corps dans la Seine: la piste d&rsquo;un tueur en s\u00e9rie<\/a><a href=\"https:\/\/www.bfmtv.com\/police-justice\/video-corps-retrouves-dans-la-seine-le-suspect-connu-des-services-de-police_VN-202508240294.html\" title=\"Corps retrouv\u00e9s dans la Seine: le suspect connu des services de police\" rel=\"nofollow noopener\" target=\"_blank\"><img width=\"16\" height=\"9\" class=\"lozad\"  alt=\"Corps retrouv\u00e9s dans la Seine: le suspect connu des services de police\"\/>0:59Corps retrouv\u00e9s dans la Seine: le suspect connu des services de police<\/a><a href=\"https:\/\/www.bfmtv.com\/police-justice\/video-morts-retrouves-dans-la-seine-ce-que-l-on-sait_VN-202508240287.html\" title=\"Morts retrouv\u00e9s dans la Seine: ce que l&#039;on sait\" rel=\"nofollow noopener\" target=\"_blank\"><img width=\"16\" height=\"9\" class=\"lozad\"  alt=\"Morts retrouv\u00e9s dans la Seine: ce que l'on sait\"\/>1:45Morts retrouv\u00e9s dans la Seine: ce que l&rsquo;on sait<\/a><a href=\"https:\/\/www.bfmtv.com\/police-justice\/video-corps-retrouves-dans-la-seine-on-ne-peut-pas-dire-a-ce-jour-qu-on-a-epuise-la-liste-des-victimes-declare-jacques-dallest-ancien-directeur-du-pole-cold-case-de-nanterre_VN-202508240253.html\" title=\"Corps retrouv\u00e9s dans la Seine: &quot;On ne peut pas dire, \u00e0 ce jour, qu&#039;on a \u00e9puis\u00e9 la liste des victimes&quot;, d\u00e9clare Jacques Dallest, ancien directeur du p\u00f4le &quot;cold case&quot; de Nanterre\" rel=\"nofollow noopener\" target=\"_blank\"><img width=\"16\" height=\"9\" class=\"lozad\"  alt=\"Corps retrouv\u00e9s dans la Seine: &quot;On ne peut pas dire, \u00e0 ce jour, qu'on a \u00e9puis\u00e9 la liste des victimes&quot;, d\u00e9clare Jacques Dallest, ancien directeur du p\u00f4le &quot;cold case&quot; de Nanterre\"\/>2:15Corps retrouv\u00e9s dans la Seine: \u00ab\u00a0On ne peut pas dire, \u00e0 ce jour, qu&rsquo;on a \u00e9puis\u00e9 la liste des victimes\u00a0\u00bb, d\u00e9clare Jacques Dallest, ancien directeur du p\u00f4le \u00ab\u00a0cold case\u00a0\u00bb de Nanterre<\/a><a href=\"https:\/\/www.bfmtv.com\/police-justice\/video-corps-retrouves-dans-la-seine-il-y-a-tout-un-travail-tres-long-qui-va-etre-mene-par-le-juge-d-instruction-decrit-jacques-dallest-ancien-directeur-du-pole-cold-case-de-nanterre_VN-202508240250.html\" title=\"Corps retrouv\u00e9s dans la Seine: &quot;Il y a tout un travail tr\u00e8s long qui va \u00eatre men\u00e9 par le juge d&#039;instruction&quot;, d\u00e9crit Jacques Dallest, ancien directeur du p\u00f4le &quot;cold case&quot; de Nanterre\" rel=\"nofollow noopener\" target=\"_blank\"><img width=\"16\" height=\"9\" class=\"lozad\"  alt=\"Corps retrouv\u00e9s dans la Seine: &quot;Il y a tout un travail tr\u00e8s long qui va \u00eatre men\u00e9 par le juge d'instruction&quot;, d\u00e9crit Jacques Dallest, ancien directeur du p\u00f4le &quot;cold case&quot; de Nanterre\"\/>1:13Corps retrouv\u00e9s dans la Seine: \u00ab\u00a0Il y a tout un travail tr\u00e8s long qui va \u00eatre men\u00e9 par le juge d&rsquo;instruction\u00a0\u00bb, d\u00e9crit Jacques Dallest, ancien directeur du p\u00f4le \u00ab\u00a0cold case\u00a0\u00bb de Nanterre<\/a><a href=\"https:\/\/www.bfmtv.com\/police-justice\/video-corps-retrouves-dans-la-seine-c-est-aux-enqueteurs-d-eclairer-sur-un-eventuel-mobile-declare-maitre-antoine-ory-avocat-du-principal-suspect_VN-202508240248.html\" title=\"Corps retrouv\u00e9s dans la Seine: &quot;C&#039;est aux enqu\u00eateurs d&#039;\u00e9clairer sur un \u00e9ventuel mobile&quot;, d\u00e9clare Ma\u00eetre Antoine Ory, avocat du principal suspect\" rel=\"nofollow noopener\" target=\"_blank\"><img width=\"16\" height=\"9\" class=\"lozad\"  alt=\"Corps retrouv\u00e9s dans la Seine: &quot;C'est aux enqu\u00eateurs d'\u00e9clairer sur un \u00e9ventuel mobile&quot;, d\u00e9clare Ma\u00eetre Antoine Ory, avocat du principal suspect\"\/>1:53Corps retrouv\u00e9s dans la Seine: \u00ab\u00a0C&rsquo;est aux enqu\u00eateurs d&rsquo;\u00e9clairer sur un \u00e9ventuel mobile\u00a0\u00bb, d\u00e9clare Ma\u00eetre Antoine Ory, avocat du principal suspect<\/a><a href=\"https:\/\/www.bfmtv.com\/police-justice\/video-corps-retrouves-dans-la-seine-que-risque-le-suspect_VN-202508240221.html\" title=\"Corps retrouv\u00e9s dans la Seine: que risque le suspect?\" rel=\"nofollow noopener\" target=\"_blank\"><img width=\"16\" height=\"9\" class=\"lozad\"  alt=\"Corps retrouv\u00e9s dans la Seine: que risque le suspect?\"\/>1:41Corps retrouv\u00e9s dans la Seine: que risque le suspect?<\/a><a href=\"https:\/\/www.bfmtv.com\/police-justice\/video-conference-de-presse-de-francois-bayrou-des-ministres-devraient-egalement-etre-presents_VN-202508240206.html\" title=\"Conf\u00e9rence de presse de Fran\u00e7ois Bayrou: Des ministres devraient \u00e9galement \u00eatre pr\u00e9sents\" rel=\"nofollow noopener\" target=\"_blank\"><img width=\"16\" height=\"9\" class=\"lozad\"  alt=\"Conf\u00e9rence de presse de Fran\u00e7ois Bayrou: Des ministres devraient \u00e9galement \u00eatre pr\u00e9sents\"\/>1:11Conf\u00e9rence de presse de Fran\u00e7ois Bayrou: Des ministres devraient \u00e9galement \u00eatre pr\u00e9sents<\/a><a href=\"https:\/\/www.bfmtv.com\/police-justice\/video-corps-retrouves-dans-la-seine-on-peut-travailler-sans-entendre-un-suspect-decrit-marc-rolland-capitaine-de-gendarmerie_VN-202508240193.html\" title=\"Corps retrouv\u00e9s dans la Seine: &quot;On peut travailler sans entendre un suspect&quot;, d\u00e9crit Marc Rolland, capitaine de gendarmerie\" rel=\"nofollow noopener\" target=\"_blank\"><img width=\"16\" height=\"9\" class=\"lozad\"  alt=\"Corps retrouv\u00e9s dans la Seine: &quot;On peut travailler sans entendre un suspect&quot;, d\u00e9crit Marc Rolland, capitaine de gendarmerie\"\/>1:28Corps retrouv\u00e9s dans la Seine: \u00ab\u00a0On peut travailler sans entendre un suspect\u00a0\u00bb, d\u00e9crit Marc Rolland, capitaine de gendarmerie<\/a><a class=\"jumpToVideo\" target=\"_blank\"><img class=\"thumbnailPreview\"\/><\/a><\/p>\n","protected":false},"excerpt":{"rendered":"Lyon: une enqu\u00eate ouverte apr\u00e8s l&rsquo;agression d&rsquo;un adolescent de 14 ans \u00e0 la sortie d&rsquo;une synagogueSur le m\u00eame&hellip;\n","protected":false},"author":2,"featured_media":344745,"comment_status":"","ping_status":"","sticky":false,"template":"","format":"standard","meta":{"footnotes":""},"categories":[1889],"tags":[1111,11,2430,1777,674,1011,27,2428,12,25],"class_list":{"0":"post-344744","1":"post","2":"type-post","3":"status-publish","4":"format-standard","5":"has-post-thumbnail","7":"category-lyon","8":"tag-actu","9":"tag-actualites","10":"tag-auvergne-rhone-alpes","11":"tag-eu","12":"tag-europe","13":"tag-fr","14":"tag-france","15":"tag-lyon","16":"tag-news","17":"tag-republique-francaise"},"share_on_mastodon":{"url":"https:\/\/pubeurope.com\/@fr\/115094126816032193","error":""},"_links":{"self":[{"href":"https:\/\/www.europesays.com\/fr\/wp-json\/wp\/v2\/posts\/344744","targetHints":{"allow":["GET"]}}],"collection":[{"href":"https:\/\/www.europesays.com\/fr\/wp-json\/wp\/v2\/posts"}],"about":[{"href":"https:\/\/www.europesays.com\/fr\/wp-json\/wp\/v2\/types\/post"}],"author":[{"embeddable":true,"href":"https:\/\/www.europesays.com\/fr\/wp-json\/wp\/v2\/users\/2"}],"replies":[{"embeddable":true,"href":"https:\/\/www.europesays.com\/fr\/wp-json\/wp\/v2\/comments?post=344744"}],"version-history":[{"count":0,"href":"https:\/\/www.europesays.com\/fr\/wp-json\/wp\/v2\/posts\/344744\/revisions"}],"wp:featuredmedia":[{"embeddable":true,"href":"https:\/\/www.europesays.com\/fr\/wp-json\/wp\/v2\/media\/344745"}],"wp:attachment":[{"href":"https:\/\/www.europesays.com\/fr\/wp-json\/wp\/v2\/media?parent=344744"}],"wp:term":[{"taxonomy":"category","embeddable":true,"href":"https:\/\/www.europesays.com\/fr\/wp-json\/wp\/v2\/categories?post=344744"},{"taxonomy":"post_tag","embeddable":true,"href":"https:\/\/www.europesays.com\/fr\/wp-json\/wp\/v2\/tags?post=344744"}],"curies":[{"name":"wp","href":"https:\/\/api.w.org\/{rel}","templated":true}]}}