{"id":34475,"date":"2025-04-18T16:32:10","date_gmt":"2025-04-18T16:32:10","guid":{"rendered":"https:\/\/www.europesays.com\/fr\/34475\/"},"modified":"2025-04-18T16:32:10","modified_gmt":"2025-04-18T16:32:10","slug":"dans-un-college-de-bordeaux-le-pere-dun-eleve-fait-classe-pour-combler-labsence-dune-professeur-de-maths","status":"publish","type":"post","link":"https:\/\/www.europesays.com\/fr\/34475\/","title":{"rendered":"Dans un coll\u00e8ge de Bordeaux, le p\u00e8re d\u2019un \u00e9l\u00e8ve fait classe pour combler l\u2019absence d\u2019une professeur de maths"},"content":{"rendered":"<p>Au coll\u00e8ge Jacques Ellul, un parent d\u2019\u00e9l\u00e8ve s\u2019est propos\u00e9 pour enseigner les math\u00e9matiques \u00e0 deux classes de 3e, au d\u00e9but du mois d\u2019avril. La professeur titulaire n\u2019avait pas \u00e9t\u00e9 remplac\u00e9e apr\u00e8s 10 semaines d\u2019arr\u00eat maladie.<\/p>\n<p class=\"fig-paragraph\">C\u2019est une situation in\u00e9dite et pour le moins originale qui s\u2019est pr\u00e9sent\u00e9e au coll\u00e8ge Jacques Ellul, \u00e0\u00a0<a href=\"https:\/\/www.lefigaro.fr\/bordeaux\/bordeaux-pourquoi-certains-riverains-s-opposent-au-projet-de-transformation-de-la-place-des-chartrons-20250331?msockid=258c4318a154643d05395665a0ed65f9\" target=\"_blank\" data-fig-type=\"NewsFlash\" rel=\"noopener\" data-gtm-custom-categorie=\"navigation\" data-gtm-custom-action=\"crossclick\" data-gtm-custom-label=\"Contextuel\" data-gtm-event=\"customEventSPE\" data-fig-domain=\"LEFIGARO\">Bordeaux<\/a>, au d\u00e9but du mois d\u2019avril. Une\u00a0<a href=\"https:\/\/www.lefigaro.fr\/bordeaux\/bordeaux-l-ex-enseignant-de-l-ecole-catholique-saint-genes-accuse-d-agressions-sexuelles-desormais-mis-en-examen-pour-viols-aggraves-20250414?msockid=258c4318a154643d05395665a0ed65f9\" target=\"_blank\" data-fig-type=\"NewsFlash\" rel=\"noopener\" data-gtm-custom-categorie=\"navigation\" data-gtm-custom-action=\"crossclick\" data-gtm-custom-label=\"Contextuel\" data-gtm-event=\"customEventSPE\" data-fig-domain=\"LEFIGARO\">professeur<\/a>\u00a0de maths de l\u2019\u00e9tablissement \u00e9tait en arr\u00eat maladie depuis le mois de f\u00e9vrier, cumulant presque 10 semaines d\u2019absences pour ses deux classes de 6e et ses deux classes de 3e. Durant cette p\u00e9riode, elle n\u2019a jamais \u00e9t\u00e9 remplac\u00e9e. Les\u00a0<a href=\"https:\/\/www.lefigaro.fr\/bordeaux\/une-infirmiere-scolaire-agressee-par-un-eleve-dans-un-college-pres-de-bordeaux-20230920?msockid=258c4318a154643d05395665a0ed65f9\" target=\"_blank\" data-fig-type=\"NewsFlash\" rel=\"noopener\" data-gtm-custom-categorie=\"navigation\" data-gtm-custom-action=\"crossclick\" data-gtm-custom-label=\"Contextuel\" data-gtm-event=\"customEventSPE\" data-fig-domain=\"LEFIGARO\">\u00e9l\u00e8ves<\/a>\u00a0de 6e ont \u00e9t\u00e9 replac\u00e9s dans d\u2019autres classes, mais les \u00e9l\u00e8ves de 3e, eux, n\u2019ont pas pu recevoir d\u2019enseignement en math\u00e9matiques.<\/p>\n<p class=\"fig-paragraph\">Pendant plusieurs semaines, les parents d\u2019\u00e9l\u00e8ves ont d\u00e9nonc\u00e9 la situation et avaient m\u00eame alert\u00e9 \u00e0 maintes reprises le rectorat pour trouver une solution. Finalement, c\u2019est un parent d\u2019\u00e9l\u00e8ve, ing\u00e9nieur, qui a propos\u00e9 ses services au directeur du coll\u00e8ge et qui s\u2019est transform\u00e9 en professeur, d\u2019apr\u00e8s une information du journal Sud-Ouest confirm\u00e9e au Figaro. Il s\u2019est arrang\u00e9 avec son employeur pour assurer deux heures de cours, \u00e0 deux reprises, avec ces \u00e9l\u00e8ves. Dans le quotidien r\u00e9gional, il dit avoir observ\u00e9 \u00abun retard inqui\u00e9tant sur le programme pour le brevet\u00bb et explique que \u00abm\u00eame les bons \u00e9l\u00e8ves ne sont pas arm\u00e9s pour la seconde\u00bb.<\/p>\n<p>Une intervention ponctuelle<\/p>\n<p class=\"fig-paragraph\">Contact\u00e9e par Le Figaro, l\u2019acad\u00e9mie de Bordeaux se d\u00e9fend et mentionne un cas de \u00absyst\u00e8me D\u00bb tr\u00e8s particulier, qui n\u2019est pas vou\u00e9 \u00e0 se g\u00e9n\u00e9raliser. \u00abL\u2019absence de la professeur de math\u00e9matiques s\u2019est caract\u00e9ris\u00e9e par une succession d\u2019arr\u00eats de travail courts ne permettant pas d\u2019adapter le remplacement, en rendant difficile l\u2019emploi d\u2019un professeur contractuel. Le chef d\u2019\u00e9tablissement et les enseignants de math\u00e9matiques se sont toutefois mobilis\u00e9s pour que des cours puissent \u00eatre remplac\u00e9s. L\u2019intervention d\u2019un p\u00e8re de famille \u00e9voqu\u00e9 par les parents d\u2019\u00e9l\u00e8ve n\u2019a \u00e9t\u00e9 que tr\u00e8s ponctuelle\u00a0: il n\u2019a \u00e9t\u00e9 effectif que deux fois deux heures.\u00bb Le rectorat assure par ailleurs que des heures suppl\u00e9mentaires ont \u00e9t\u00e9 mises en place pour que les \u00e9l\u00e8ves de 3e rattrapent leur retard.<\/p>\n<p class=\"fig-paragraph\">\u00abLe remplacement est une priorit\u00e9 de l\u2019acad\u00e9mie. Toutes les absences d\u2019enseignants font l\u2019objet d\u2019un suivi afin de mettre en place une suppl\u00e9ance, incluant la recherche rapide d\u2019un professeur contractuel si le vivier de titulaires ne permet pas de r\u00e9pondre imm\u00e9diatement \u00e0 la demande, ce qui est le cas notamment en math\u00e9matiques. Le taux d\u2019efficacit\u00e9 du remplacement apr\u00e8s 15 jours d\u2019absence est d\u2019ailleurs actuellement de 96% dans l\u2019acad\u00e9mie\u00bb, ajoute l\u2019acad\u00e9mie de Bordeaux.<\/p>\n<p class=\"fig-paragraph\">Depuis, la professeur a repris du service, \u00e0 mi-temps, et est remplac\u00e9e par un contractuel, sur le reste du temps.<\/p>\n","protected":false},"excerpt":{"rendered":"Au coll\u00e8ge Jacques Ellul, un parent d\u2019\u00e9l\u00e8ve s\u2019est propos\u00e9 pour enseigner les math\u00e9matiques \u00e0 deux classes de 3e,&hellip;\n","protected":false},"author":2,"featured_media":34476,"comment_status":"","ping_status":"","sticky":false,"template":"","format":"standard","meta":{"footnotes":""},"categories":[2817],"tags":[1111,11,1997,2916,2911,2910,2915,2909,2904,2913,2912,2914,2906,2907,1124,11271,1777,674,1011,27,2905,2908,12,2219,3306,25],"class_list":{"0":"post-34475","1":"post","2":"type-post","3":"status-publish","4":"format-standard","5":"has-post-thumbnail","7":"category-bordeaux","8":"tag-actu","9":"tag-actualites","10":"tag-bordeaux","11":"tag-bordeaux-cauderan","12":"tag-bordeaux-centre-ville","13":"tag-bordeaux-chartrons-grand-parc-jardin-public","14":"tag-bordeaux-la-bastide","15":"tag-bordeaux-maritime","16":"tag-bordeaux-metropole","17":"tag-bordeaux-nansouty-st-genes","18":"tag-bordeaux-st-augustin-tauzin-alphonse-dupeux","19":"tag-bordeaux-sud","20":"tag-capitale-de-gaule","21":"tag-cathedrale-gothique-de-saint-andre","22":"tag-college","23":"tag-enseignants","24":"tag-eu","25":"tag-europe","26":"tag-fr","27":"tag-france","28":"tag-gironde","29":"tag-girondins-de-bordeaux","30":"tag-news","31":"tag-nouvelle-aquitaine","32":"tag-parents","33":"tag-republique-francaise"},"share_on_mastodon":{"url":"","error":"Validation failed: Text character limit of 500 exceeded"},"_links":{"self":[{"href":"https:\/\/www.europesays.com\/fr\/wp-json\/wp\/v2\/posts\/34475","targetHints":{"allow":["GET"]}}],"collection":[{"href":"https:\/\/www.europesays.com\/fr\/wp-json\/wp\/v2\/posts"}],"about":[{"href":"https:\/\/www.europesays.com\/fr\/wp-json\/wp\/v2\/types\/post"}],"author":[{"embeddable":true,"href":"https:\/\/www.europesays.com\/fr\/wp-json\/wp\/v2\/users\/2"}],"replies":[{"embeddable":true,"href":"https:\/\/www.europesays.com\/fr\/wp-json\/wp\/v2\/comments?post=34475"}],"version-history":[{"count":0,"href":"https:\/\/www.europesays.com\/fr\/wp-json\/wp\/v2\/posts\/34475\/revisions"}],"wp:featuredmedia":[{"embeddable":true,"href":"https:\/\/www.europesays.com\/fr\/wp-json\/wp\/v2\/media\/34476"}],"wp:attachment":[{"href":"https:\/\/www.europesays.com\/fr\/wp-json\/wp\/v2\/media?parent=34475"}],"wp:term":[{"taxonomy":"category","embeddable":true,"href":"https:\/\/www.europesays.com\/fr\/wp-json\/wp\/v2\/categories?post=34475"},{"taxonomy":"post_tag","embeddable":true,"href":"https:\/\/www.europesays.com\/fr\/wp-json\/wp\/v2\/tags?post=34475"}],"curies":[{"name":"wp","href":"https:\/\/api.w.org\/{rel}","templated":true}]}}